{"id":938,"date":"2014-08-07T20:27:22","date_gmt":"2014-08-07T20:27:22","guid":{"rendered":"http:\/\/www.hospitaltocopilla.cl\/?p=938"},"modified":"2014-08-20T13:25:24","modified_gmt":"2014-08-20T13:25:24","slug":"hospital-difunde-sobre-la-importancia-del-amamantamiento","status":"publish","type":"post","link":"https:\/\/www.hospitaltocopilla.cl\/?p=938","title":{"rendered":"HOSPITAL DIFUNDE SOBRE LA IMPORTANCIA DEL AMAMANTAMIENTO"},"content":{"rendered":"<p><strong>Durante la semana Internacional de la Lactancia Materna<\/strong><\/p>\n<p><a href=\"http:\/\/www.hospitaltocopilla.cl\/wp-content\/uploads\/2014\/08\/aficeh-lactancia.jpg\"><img loading=\"lazy\" decoding=\"async\" class=\"alignnone size-full wp-image-939\" src=\"http:\/\/www.hospitaltocopilla.cl\/wp-content\/uploads\/2014\/08\/aficeh-lactancia.jpg\" alt=\"aficeh lactancia\" width=\"960\" height=\"720\" srcset=\"https:\/\/www.hospitaltocopilla.cl\/wp-content\/uploads\/2014\/08\/aficeh-lactancia.jpg 960w, https:\/\/www.hospitaltocopilla.cl\/wp-content\/uploads\/2014\/08\/aficeh-lactancia-300x225.jpg 300w, https:\/\/www.hospitaltocopilla.cl\/wp-content\/uploads\/2014\/08\/aficeh-lactancia-400x300.jpg 400w\" sizes=\"auto, (max-width: 960px) 100vw, 960px\" \/><\/a><\/p>\n<p style=\"text-align: justify;\">Con visitas a las radios locales para hablar de la importancia y beneficios del amamantamiento se conmemor\u00f3 en el Hospital marcos Macuada de Tocoppilla la Semana Mundial de Lactancia Materna, instancia en que permiti\u00f3 que m\u00e9dicos del centro asistencial realizaran una educaci\u00f3n masiva acerca de esta forma natural de alimentaci\u00f3n al beb\u00e9.<\/p>\n<p style=\"text-align: justify;\">\u201cLa lactancia materna, contribuye con mayor efectividad al desarrollo f\u00edsico, emocional, intelectual y psicosocial del ni\u00f1o\/a, proporcion\u00e1ndole nutrientes en calidad y cantidad adecuados para el crecimiento y desarrollo de sus \u00f3rganos, especialmente el sistema nervioso, seg\u00fan las necesidades espec\u00edficas de cada menor\u201d coment\u00f3 en una entrevista a Radio Definitiva el Dr. Roberto Vega, quien en compa\u00f1\u00eda de la Dra. Cornejo recomendaron la utilizaci\u00f3n de este m\u00e9todo m\u00ednimo hasta los 6 meses del beb\u00e9.<\/p>\n<p style=\"text-align: justify;\">Asimismo el Dr. Diego Henrique y Franco Hern\u00e1ndez en una entrevista realizada en la radio FM Por ti comentaron que\u00a0 en ocasiones, sobretodo a las mam\u00e1s primerizas, dar pecho no siempre es f\u00e1cil y surgen dificultades como la posici\u00f3n del beb\u00e9 o el agarre del pecho no es el correcto, por lo que el menor no vac\u00eda bien las mamas y \u00e9stas disminuyen la cantidad de leche producida. Frente a esto aseguraron que \u201ca nadie le ense\u00f1an a ser mam\u00e1 y menos a\u00fan a desarrollar la lactancia materna de manera exitosa, pero bajo ning\u00fan motivo la madre no debe resignarse a la idea de dar pecho. Muy por el contrario, debe seguir intent\u00e1ndolo y por sobretodo probar maneras que le acomoden y le den tranquilidad a ella y al beb\u00e9\u201d explicaron.<\/p>\n<p style=\"text-align: justify;\"><a href=\"http:\/\/www.hospitaltocopilla.cl\/wp-content\/uploads\/2014\/08\/lactancia-materna.jpg\"><img loading=\"lazy\" decoding=\"async\" class=\"alignnone size-full wp-image-940\" src=\"http:\/\/www.hospitaltocopilla.cl\/wp-content\/uploads\/2014\/08\/lactancia-materna.jpg\" alt=\"lactancia materna\" width=\"640\" height=\"480\" srcset=\"https:\/\/www.hospitaltocopilla.cl\/wp-content\/uploads\/2014\/08\/lactancia-materna.jpg 640w, https:\/\/www.hospitaltocopilla.cl\/wp-content\/uploads\/2014\/08\/lactancia-materna-300x225.jpg 300w, https:\/\/www.hospitaltocopilla.cl\/wp-content\/uploads\/2014\/08\/lactancia-materna-400x300.jpg 400w\" sizes=\"auto, (max-width: 640px) 100vw, 640px\" \/><\/a><\/p>\n<p><strong>D\u00cdA MUNDIAL<\/strong><\/p>\n<p style=\"text-align: justify;\">La semana mundial de la lactancia materna fue instaurada oficialmente por OMS \/ UNICEF en 1992 y es actualmente el movimiento social m\u00e1s extendido en defensa de la lactancia materna. Se celebra en m\u00e1s de 120 pa\u00edses.<\/p>\n<p><strong>EN CHILE<\/strong><\/p>\n<p style=\"text-align: justify;\">Desde la entrada en vigencia de la nueva Ley de pre y posnatal en Chile (Ley 20.545), la prevalencia de la lactancia materna exclusiva hasta el sexto mes alcanz\u00f3 un 56%. As\u00ed lo indica la Sexta Encuesta Nacional de Lactancia Materna, dada a conocer por el Ministerio de Salud.<\/p>\n","protected":false},"excerpt":{"rendered":"<p>Durante la semana Internacional de la Lactancia Materna Con visitas a las radios locales para hablar de la importancia y beneficios del amamantamiento se conmemor\u00f3 en el Hospital marcos Macuada de Tocoppilla la Semana Mundial de Lactancia Materna, instancia en que permiti\u00f3 que m\u00e9dicos del centro asistencial realizaran una educaci\u00f3n masiva acerca de esta forma [&hellip;]<\/p>\n","protected":false},"author":8,"featured_media":0,"comment_status":"closed","ping_status":"closed","sticky":false,"template":"","format":"image","meta":{"footnotes":""},"categories":[1,4,3,25],"tags":[],"class_list":["post-938","post","type-post","status-publish","format-image","hentry","category-general","category-eventos","category-noticias","category-promocion-de-salud","post_format-post-format-image"],"_links":{"self":[{"href":"https:\/\/www.hospitaltocopilla.cl\/index.php?rest_route=\/wp\/v2\/posts\/938","targetHints":{"allow":["GET"]}}],"collection":[{"href":"https:\/\/www.hospitaltocopilla.cl\/index.php?rest_route=\/wp\/v2\/posts"}],"about":[{"href":"https:\/\/www.hospitaltocopilla.cl\/index.php?rest_route=\/wp\/v2\/types\/post"}],"author":[{"embeddable":true,"href":"https:\/\/www.hospitaltocopilla.cl\/index.php?rest_route=\/wp\/v2\/users\/8"}],"replies":[{"embeddable":true,"href":"https:\/\/www.hospitaltocopilla.cl\/index.php?rest_route=%2Fwp%2Fv2%2Fcomments&post=938"}],"version-history":[{"count":3,"href":"https:\/\/www.hospitaltocopilla.cl\/index.php?rest_route=\/wp\/v2\/posts\/938\/revisions"}],"predecessor-version":[{"id":944,"href":"https:\/\/www.hospitaltocopilla.cl\/index.php?rest_route=\/wp\/v2\/posts\/938\/revisions\/944"}],"wp:attachment":[{"href":"https:\/\/www.hospitaltocopilla.cl\/index.php?rest_route=%2Fwp%2Fv2%2Fmedia&parent=938"}],"wp:term":[{"taxonomy":"category","embeddable":true,"href":"https:\/\/www.hospitaltocopilla.cl\/index.php?rest_route=%2Fwp%2Fv2%2Fcategories&post=938"},{"taxonomy":"post_tag","embeddable":true,"href":"https:\/\/www.hospitaltocopilla.cl\/index.php?rest_route=%2Fwp%2Fv2%2Ftags&post=938"}],"curies":[{"name":"wp","href":"https:\/\/api.w.org\/{rel}","templated":true}]}}