{"id":829,"date":"2014-06-06T15:18:50","date_gmt":"2014-06-06T15:18:50","guid":{"rendered":"http:\/\/www.hospitaltocopilla.cl\/?p=829"},"modified":"2014-06-09T14:44:20","modified_gmt":"2014-06-09T14:44:20","slug":"comienza-campana-de-invierno-en-hospital-marcos-macuada","status":"publish","type":"post","link":"https:\/\/www.hospitaltocopilla.cl\/?p=829","title":{"rendered":"COMIENZA CAMPA\u00d1A DE INVIERNO EN HOSPITAL MARCOS MACUADA"},"content":{"rendered":"<p><strong>Se reforzar\u00e1n salas IRA-ERA durante el fin de semana<\/strong><\/p>\n<p><a href=\"http:\/\/www.hospitaltocopilla.cl\/?attachment_id=830\" rel=\"attachment wp-att-830\"><img loading=\"lazy\" decoding=\"async\" class=\"alignnone size-full wp-image-830\" alt=\"Campa\u00f1a de Invierno\" src=\"http:\/\/www.hospitaltocopilla.cl\/wp-content\/uploads\/2014\/06\/Campa\u00f1a-de-Invierno.jpg\" width=\"3264\" height=\"2448\" srcset=\"https:\/\/www.hospitaltocopilla.cl\/wp-content\/uploads\/2014\/06\/Campa\u00f1a-de-Invierno.jpg 3264w, https:\/\/www.hospitaltocopilla.cl\/wp-content\/uploads\/2014\/06\/Campa\u00f1a-de-Invierno-300x225.jpg 300w, https:\/\/www.hospitaltocopilla.cl\/wp-content\/uploads\/2014\/06\/Campa\u00f1a-de-Invierno-1024x768.jpg 1024w, https:\/\/www.hospitaltocopilla.cl\/wp-content\/uploads\/2014\/06\/Campa\u00f1a-de-Invierno-400x300.jpg 400w\" sizes=\"auto, (max-width: 3264px) 100vw, 3264px\" \/><\/a><\/p>\n<p>En el marco de la Campa\u00f1a de Invierno impulsada por el Ministerio de Salud, a partir de este s\u00e1bado 07 de Junio y hasta el domingo 24 de Agosto se reforzar\u00e1 el horario de las salas IRA y ERA los s\u00e1bados y domingos de (8:00 a 12:00 horas, como parte de las acciones para atender y detectar precozmente enfermedades respiratorias.<\/p>\n<p><strong>\u00a0ACCESO<\/strong><\/p>\n<p>El procedimiento para acceder a esta atenci\u00f3n ser\u00e1 a trav\u00e9s del Servicio De Urgencias entre las 8:00 y las 16:00 horas durante la semana y de 8:00 a 13:00 los fines de semana. All\u00ed el m\u00e9dico determinar\u00e1 la necesidad de realizar Kinesiterapia Respiratoria y se le derivar\u00e1 a las respectivas salas en donde estar\u00e1n los profesionales para prestar la atenci\u00f3n correspondiente, explic\u00f3 Edward Filiberto, Kinesi\u00f3logo IRA-ERA del establecimiento.<\/p>\n<p><strong>ENFERMEDADES VIRALES<\/strong><\/p>\n<p>\u201cEs muy com\u00fan que durante el invierno aumente la circulaci\u00f3n viral y por ende aumente el n\u00famero de pacientes respiratorios y las consultas por este motivo. Es por eso que nuestro centro asistencial ha implementado una serie de medidas para detectar precozmente las patolog\u00edas respiratorias que afectan principalmente a ni\u00f1os y adultos mayores poniendo \u00e9nfasis en la difusi\u00f3n de recomendaciones para prevenir enfermedades de invierno, la educaci\u00f3n en el reconocimiento de s\u00edntomas de gravedad y el fortalecimiento de la red p\u00fablica de salud\u201d. Explic\u00f3 Erica del Piano, directora del Hospital.<\/p>\n<p><strong>CUIDADOS PARA MENORES DE EDAD <\/strong><\/p>\n<p>En materia de prevenci\u00f3n, la campa\u00f1a de invierno 2014 impulsada por el Minsal recuerda la importancia de que la poblaci\u00f3n siga los siguientes consejos, como: lavar las manos de menores de edad frecuentemente; estornudar cubriendo boca y nariz con el antebrazo; mantener las vacunas al d\u00eda; fortalecer las defensas de los beb\u00e9s aliment\u00e1ndolos con leche materna; evitar espacios p\u00fablicos con aglomeraciones y el contacto con personas enfermas, y junto a esto, mantener la casa sin humedad.<\/p>\n<p>IRA: Infecciones Respiratorias Agudas<\/p>\n<p>ERA: Enfermedades Respiratorias del Adulto<\/p>\n","protected":false},"excerpt":{"rendered":"<p>Se reforzar\u00e1n salas IRA-ERA durante el fin de semana En el marco de la Campa\u00f1a de Invierno impulsada por el Ministerio de Salud, a partir de este s\u00e1bado 07 de Junio y hasta el domingo 24 de Agosto se reforzar\u00e1 el horario de las salas IRA y ERA los s\u00e1bados y domingos de (8:00 a [&hellip;]<\/p>\n","protected":false},"author":8,"featured_media":0,"comment_status":"closed","ping_status":"closed","sticky":false,"template":"","format":"standard","meta":{"footnotes":""},"categories":[22,6,1,7,3],"tags":[],"class_list":["post-829","post","type-post","status-publish","format-standard","hentry","category-atencion-primaria","category-comunidad","category-general","category-ministerio-de-salud","category-noticias"],"_links":{"self":[{"href":"https:\/\/www.hospitaltocopilla.cl\/index.php?rest_route=\/wp\/v2\/posts\/829","targetHints":{"allow":["GET"]}}],"collection":[{"href":"https:\/\/www.hospitaltocopilla.cl\/index.php?rest_route=\/wp\/v2\/posts"}],"about":[{"href":"https:\/\/www.hospitaltocopilla.cl\/index.php?rest_route=\/wp\/v2\/types\/post"}],"author":[{"embeddable":true,"href":"https:\/\/www.hospitaltocopilla.cl\/index.php?rest_route=\/wp\/v2\/users\/8"}],"replies":[{"embeddable":true,"href":"https:\/\/www.hospitaltocopilla.cl\/index.php?rest_route=%2Fwp%2Fv2%2Fcomments&post=829"}],"version-history":[{"count":3,"href":"https:\/\/www.hospitaltocopilla.cl\/index.php?rest_route=\/wp\/v2\/posts\/829\/revisions"}],"predecessor-version":[{"id":833,"href":"https:\/\/www.hospitaltocopilla.cl\/index.php?rest_route=\/wp\/v2\/posts\/829\/revisions\/833"}],"wp:attachment":[{"href":"https:\/\/www.hospitaltocopilla.cl\/index.php?rest_route=%2Fwp%2Fv2%2Fmedia&parent=829"}],"wp:term":[{"taxonomy":"category","embeddable":true,"href":"https:\/\/www.hospitaltocopilla.cl\/index.php?rest_route=%2Fwp%2Fv2%2Fcategories&post=829"},{"taxonomy":"post_tag","embeddable":true,"href":"https:\/\/www.hospitaltocopilla.cl\/index.php?rest_route=%2Fwp%2Fv2%2Ftags&post=829"}],"curies":[{"name":"wp","href":"https:\/\/api.w.org\/{rel}","templated":true}]}}