{"id":803,"date":"2014-05-29T13:16:41","date_gmt":"2014-05-29T13:16:41","guid":{"rendered":"http:\/\/www.hospitaltocopilla.cl\/?p=803"},"modified":"2014-05-29T13:16:41","modified_gmt":"2014-05-29T13:16:41","slug":"se-extiende-campana-de-vacunacion-anti-influenza","status":"publish","type":"post","link":"https:\/\/www.hospitaltocopilla.cl\/?p=803","title":{"rendered":"SE EXTIENDE CAMPA\u00d1A DE VACUNACI\u00d3N ANTI INFLUENZA"},"content":{"rendered":"<p><strong>Hasta el 06 de junio<\/strong><a href=\"http:\/\/www.hospitaltocopilla.cl\/?attachment_id=692\" rel=\"attachment wp-att-692\"><img loading=\"lazy\" decoding=\"async\" class=\"alignnone size-full wp-image-692\" alt=\"vacuna influenza\" src=\"http:\/\/www.hospitaltocopilla.cl\/wp-content\/uploads\/2014\/04\/vacuna-influenza.jpg\" width=\"640\" height=\"480\" srcset=\"https:\/\/www.hospitaltocopilla.cl\/wp-content\/uploads\/2014\/04\/vacuna-influenza.jpg 640w, https:\/\/www.hospitaltocopilla.cl\/wp-content\/uploads\/2014\/04\/vacuna-influenza-300x225.jpg 300w, https:\/\/www.hospitaltocopilla.cl\/wp-content\/uploads\/2014\/04\/vacuna-influenza-400x300.jpg 400w\" sizes=\"auto, (max-width: 640px) 100vw, 640px\" \/><\/a><\/p>\n<p>&nbsp;<\/p>\n<p>Tras 60 d\u00edas de campa\u00f1a el Ministerio de Salud decidi\u00f3 prolongar dos semanas m\u00e1s la Campa\u00f1a de Vacunaci\u00f3n contra la Influenza, con el prop\u00f3sito de cubrir satisfactoriamente la inmunizaci\u00f3n de ni\u00f1os, ni\u00f1as, adultos mayores y enfermos cr\u00f3nicos.<\/p>\n<p>En Tocopilla, pese haber tenido una excelente campa\u00f1a a\u00fan estamos bajos en adultos mayores de 65 a\u00f1os, eso nos preocupa, ya que este grupo es uno de los m\u00e1s vulnerables a contraer la influenza. Coment\u00f3 Ivonia Arancibia, jefa de vacunatorio. Asimismo la profesional invito a acudir al vacunatorio del centro asistencial entre las 9:00 y las 16:00 horas.<\/p>\n<p><strong>GRUPOS DE RIESGO<\/strong><\/p>\n<p>Es importante se\u00f1alar que los grupos de riesgo son las embarazadas a partir de la 13\u00aa semana de gestaci\u00f3n, los ni\u00f1os y ni\u00f1as entre 6 y 23 meses de edad, adultos mayores desde los 65 a\u00f1os y enfermos cr\u00f3nicos de 2 a 64 a\u00f1os.<\/p>\n","protected":false},"excerpt":{"rendered":"<p>Hasta el 06 de junio &nbsp; Tras 60 d\u00edas de campa\u00f1a el Ministerio de Salud decidi\u00f3 prolongar dos semanas m\u00e1s la Campa\u00f1a de Vacunaci\u00f3n contra la Influenza, con el prop\u00f3sito de cubrir satisfactoriamente la inmunizaci\u00f3n de ni\u00f1os, ni\u00f1as, adultos mayores y enfermos cr\u00f3nicos. En Tocopilla, pese haber tenido una excelente campa\u00f1a a\u00fan estamos bajos en [&hellip;]<\/p>\n","protected":false},"author":8,"featured_media":0,"comment_status":"closed","ping_status":"closed","sticky":false,"template":"","format":"standard","meta":{"footnotes":""},"categories":[6,1,7,3],"tags":[],"class_list":["post-803","post","type-post","status-publish","format-standard","hentry","category-comunidad","category-general","category-ministerio-de-salud","category-noticias"],"_links":{"self":[{"href":"https:\/\/www.hospitaltocopilla.cl\/index.php?rest_route=\/wp\/v2\/posts\/803","targetHints":{"allow":["GET"]}}],"collection":[{"href":"https:\/\/www.hospitaltocopilla.cl\/index.php?rest_route=\/wp\/v2\/posts"}],"about":[{"href":"https:\/\/www.hospitaltocopilla.cl\/index.php?rest_route=\/wp\/v2\/types\/post"}],"author":[{"embeddable":true,"href":"https:\/\/www.hospitaltocopilla.cl\/index.php?rest_route=\/wp\/v2\/users\/8"}],"replies":[{"embeddable":true,"href":"https:\/\/www.hospitaltocopilla.cl\/index.php?rest_route=%2Fwp%2Fv2%2Fcomments&post=803"}],"version-history":[{"count":1,"href":"https:\/\/www.hospitaltocopilla.cl\/index.php?rest_route=\/wp\/v2\/posts\/803\/revisions"}],"predecessor-version":[{"id":804,"href":"https:\/\/www.hospitaltocopilla.cl\/index.php?rest_route=\/wp\/v2\/posts\/803\/revisions\/804"}],"wp:attachment":[{"href":"https:\/\/www.hospitaltocopilla.cl\/index.php?rest_route=%2Fwp%2Fv2%2Fmedia&parent=803"}],"wp:term":[{"taxonomy":"category","embeddable":true,"href":"https:\/\/www.hospitaltocopilla.cl\/index.php?rest_route=%2Fwp%2Fv2%2Fcategories&post=803"},{"taxonomy":"post_tag","embeddable":true,"href":"https:\/\/www.hospitaltocopilla.cl\/index.php?rest_route=%2Fwp%2Fv2%2Ftags&post=803"}],"curies":[{"name":"wp","href":"https:\/\/api.w.org\/{rel}","templated":true}]}}