{"id":799,"date":"2014-05-23T15:24:50","date_gmt":"2014-05-23T15:24:50","guid":{"rendered":"http:\/\/www.hospitaltocopilla.cl\/?p=799"},"modified":"2014-05-23T15:24:50","modified_gmt":"2014-05-23T15:24:50","slug":"enfermera-jubilada-preprara-exposicion-de-tejidos-en-lana","status":"publish","type":"post","link":"https:\/\/www.hospitaltocopilla.cl\/?p=799","title":{"rendered":"ENFERMERA JUBILADA PREPRARA EXPOSICI\u00d3N DE TEJIDOS EN LANA"},"content":{"rendered":"<p><strong>En el Hall del hospital<\/strong><a href=\"http:\/\/www.hospitaltocopilla.cl\/?attachment_id=800\" rel=\"attachment wp-att-800\"><img loading=\"lazy\" decoding=\"async\" class=\"alignnone size-full wp-image-800\" alt=\"ExpoLANA\" src=\"http:\/\/www.hospitaltocopilla.cl\/wp-content\/uploads\/2014\/05\/ExpoLANA.jpg\" width=\"815\" height=\"719\" srcset=\"https:\/\/www.hospitaltocopilla.cl\/wp-content\/uploads\/2014\/05\/ExpoLANA.jpg 815w, https:\/\/www.hospitaltocopilla.cl\/wp-content\/uploads\/2014\/05\/ExpoLANA-300x265.jpg 300w, https:\/\/www.hospitaltocopilla.cl\/wp-content\/uploads\/2014\/05\/ExpoLANA-340x300.jpg 340w\" sizes=\"auto, (max-width: 815px) 100vw, 815px\" \/><\/a><\/p>\n<p>El pr\u00f3ximo 28, 29 y 30 de mayo en el hall del Hospital Marcos Macuada se llevar\u00e1 a cabo la \u201cEXPOLANA\u201d, una exhibici\u00f3n que reunir\u00e1 alrededor de 80 trabajos exclusivos y hechos a mano por Mar\u00eda Cristina Alvarez, enfermera jubilada hace un a\u00f1o del centro asistencial.<\/p>\n<p>\u201cLa muestra ofrecer\u00e1 modelos \u00fanicos en gorros, cuellos y bufandas, todos hecho de manera artesanal combinando calidad, estilo y dise\u00f1o. Ideal para este invierno que cada vez se pone m\u00e1s frio\u201d, coment\u00f3 la ex funcionaria del hospital, extendiendo una invitaci\u00f3n a todos quienes deseen venir a observar sus trabajos.<\/p>\n<p><strong>EX FUNCIONARIA<\/strong><\/p>\n<p>Maria Cristina, en julio del 2013 se acogi\u00f3 a retiro voluntario luego de haber trabajado 33 a\u00f1os como enfermera en el hospital Marcos Macuada, comenta que todo este tiempo lejos de la instituci\u00f3n le ha permitido emprender nuevos desaf\u00edos y dedicarse a desarrollar su lado art\u00edstico, explotando su imaginaci\u00f3n.<\/p>\n<p><strong>HOSPITAL DE TODOS<\/strong><\/p>\n<p>La exposici\u00f3n que se realizar\u00e1 durante los tres d\u00edas de 8:00 a las 12:00 horas en el hall del centro asistencial, \u201cse enmarca dentro de la pol\u00edtica de puertas abiertas que nuestra instituci\u00f3n ha venido difundiendo desde el 2013 y en la cual se hace un llamado a que vecinos, usuarios, instituciones y organizaciones sociales a promocionen actividades art\u00edstico-culturales, al interior del hospital, facilitando parte de nuestras dependencias para ese prop\u00f3sito\u201d coment\u00f3 Erica del Piano, directora del hospital.<\/p>\n","protected":false},"excerpt":{"rendered":"<p>En el Hall del hospital El pr\u00f3ximo 28, 29 y 30 de mayo en el hall del Hospital Marcos Macuada se llevar\u00e1 a cabo la \u201cEXPOLANA\u201d, una exhibici\u00f3n que reunir\u00e1 alrededor de 80 trabajos exclusivos y hechos a mano por Mar\u00eda Cristina Alvarez, enfermera jubilada hace un a\u00f1o del centro asistencial. \u201cLa muestra ofrecer\u00e1 modelos [&hellip;]<\/p>\n","protected":false},"author":8,"featured_media":0,"comment_status":"closed","ping_status":"closed","sticky":false,"template":"","format":"standard","meta":{"footnotes":""},"categories":[6,1,4,3],"tags":[],"class_list":["post-799","post","type-post","status-publish","format-standard","hentry","category-comunidad","category-general","category-eventos","category-noticias"],"_links":{"self":[{"href":"https:\/\/www.hospitaltocopilla.cl\/index.php?rest_route=\/wp\/v2\/posts\/799","targetHints":{"allow":["GET"]}}],"collection":[{"href":"https:\/\/www.hospitaltocopilla.cl\/index.php?rest_route=\/wp\/v2\/posts"}],"about":[{"href":"https:\/\/www.hospitaltocopilla.cl\/index.php?rest_route=\/wp\/v2\/types\/post"}],"author":[{"embeddable":true,"href":"https:\/\/www.hospitaltocopilla.cl\/index.php?rest_route=\/wp\/v2\/users\/8"}],"replies":[{"embeddable":true,"href":"https:\/\/www.hospitaltocopilla.cl\/index.php?rest_route=%2Fwp%2Fv2%2Fcomments&post=799"}],"version-history":[{"count":1,"href":"https:\/\/www.hospitaltocopilla.cl\/index.php?rest_route=\/wp\/v2\/posts\/799\/revisions"}],"predecessor-version":[{"id":801,"href":"https:\/\/www.hospitaltocopilla.cl\/index.php?rest_route=\/wp\/v2\/posts\/799\/revisions\/801"}],"wp:attachment":[{"href":"https:\/\/www.hospitaltocopilla.cl\/index.php?rest_route=%2Fwp%2Fv2%2Fmedia&parent=799"}],"wp:term":[{"taxonomy":"category","embeddable":true,"href":"https:\/\/www.hospitaltocopilla.cl\/index.php?rest_route=%2Fwp%2Fv2%2Fcategories&post=799"},{"taxonomy":"post_tag","embeddable":true,"href":"https:\/\/www.hospitaltocopilla.cl\/index.php?rest_route=%2Fwp%2Fv2%2Ftags&post=799"}],"curies":[{"name":"wp","href":"https:\/\/api.w.org\/{rel}","templated":true}]}}