{"id":6511,"date":"2025-08-12T15:06:03","date_gmt":"2025-08-12T15:06:03","guid":{"rendered":"https:\/\/www.hospitaltocopilla.cl\/?p=6511"},"modified":"2025-08-12T15:06:03","modified_gmt":"2025-08-12T15:06:03","slug":"un-exito-las-olimpiadas-de-personas-mayores","status":"publish","type":"post","link":"https:\/\/www.hospitaltocopilla.cl\/?p=6511","title":{"rendered":"Un \u00e9xito las Olimpiadas de personas mayores"},"content":{"rendered":"\n<p>Este mi\u00e9rcoles 06 de agosto en el Polideportivo Techado Municipal se llevaron a cabo Las Olimpiadas, evento deportivo que forma parte del proyecto \u201cA Mover Los A\u00f1os\u201d de la Atenci\u00f3n Primaria de Salud Universal (APS-U) de nuestro Hospital.<\/p>\n\n\n\n<p>En un ambiente deportivo se reunieron m\u00e1s de setenta personas mayores de la comuna de diferentes agrupaciones, como el Voluntariado de la Casa de Encuentro para el Adulto Mayor, Voluntariado Hermano Valerio Cebri\u00e1n, adem\u00e1s del Centro Diurno Comunitario Tocopilla (CDC), entre otros.<\/p>\n\n\n\n<p>En la ocasi\u00f3n, las vecinas y vecinos pudieron participar y realizar diferentes actividades f\u00edsicas, especialmente preparados para cada uno de los participantes donde un monitor los instru\u00eda y ayudaba en realizar bien los ejercicios para evitar lesiones posteriores.<\/p>\n\n\n\n<p>La actividad cont\u00f3 con un equipo multiprofesional de la APS-U: la Terapeuta Ocupacional Paula Nail, Enfermero Alejandro Olgu\u00edn, Nutricionista Cristhian Delgado, Trabajadora Social Alejandra Valdebenito, la Kinesi\u00f3loga Damaris Alarc\u00f3n y la facilitadora Francisca Rojas.<\/p>\n\n\n\n<p>La actividad, adem\u00e1s, sirvi\u00f3 para continuar con nuestra campa\u00f1a de inmunizaci\u00f3n de personas mayores, ya que los asistentes presentes pudieron vacunarse contra la Influenza.<\/p>\n\n\n\n<p><strong>A MOVER LOS A\u00d1OS II<\/strong><\/p>\n\n\n\n<p>Esta iniciativa fue ganadora del Programa de Fomento de la Participaci\u00f3n Social en APS-U a trav\u00e9s de la ejecuci\u00f3n de Iniciativas Locales de Cuidados Comunitarios de la Salud del Servicio de Salud de Antofagasta y fue realizado por los funcionarios de los programas de Demencias y Adulto Mayor de la APS-U, Paula Nail Nauto y Alejandro Olgu\u00edn Geraldo el a\u00f1o 2024, y nuevamente fue ganadora este a\u00f1o 2025 donde se integran m\u00e1s profesionales para la conformaci\u00f3n de un equipo multidisciplinario integral.<\/p>\n\n\n\n<p>El objetivo es el promover el autocuidado, autovalencia y mantenci\u00f3n de salud de la poblaci\u00f3n adulta mayor de Tocopilla a trav\u00e9s de actividades comunitarias inclusivas.<\/p>\n\n\n\n<p><strong>NUEVAS ACTIVIDADES<\/strong><\/p>\n\n\n\n<p>El proyecto \u201cA Mover Los A\u00f1os\u201d seguir\u00e1 con m\u00e1s y entretenidas actividades que se realizar\u00e1n el primer mi\u00e9rcoles de cada mes a contar de las 10:00 horas, siendo el 3 de septiembre la pr\u00f3xima con el Atacazo Art\u00edstico; el 1 de octubre Autocuidado; el 5 de noviembre Festival de la M\u00fasica; para terminar en la primera semana de diciembre con una exposici\u00f3n en el hall central de nuestro hospital.<\/p>\n","protected":false},"excerpt":{"rendered":"<p>Este mi\u00e9rcoles 06 de agosto en el Polideportivo Techado Municipal se llevaron a cabo Las Olimpiadas, evento deportivo que forma parte del proyecto \u201cA Mover Los A\u00f1os\u201d de la Atenci\u00f3n Primaria de Salud Universal (APS-U) de nuestro Hospital. En un ambiente deportivo se reunieron m\u00e1s de setenta personas mayores de la comuna de diferentes agrupaciones, [&hellip;]<\/p>\n","protected":false},"author":8,"featured_media":6512,"comment_status":"closed","ping_status":"closed","sticky":false,"template":"","format":"standard","meta":{"footnotes":""},"categories":[3],"tags":[],"class_list":["post-6511","post","type-post","status-publish","format-standard","has-post-thumbnail","hentry","category-noticias"],"_links":{"self":[{"href":"https:\/\/www.hospitaltocopilla.cl\/index.php?rest_route=\/wp\/v2\/posts\/6511","targetHints":{"allow":["GET"]}}],"collection":[{"href":"https:\/\/www.hospitaltocopilla.cl\/index.php?rest_route=\/wp\/v2\/posts"}],"about":[{"href":"https:\/\/www.hospitaltocopilla.cl\/index.php?rest_route=\/wp\/v2\/types\/post"}],"author":[{"embeddable":true,"href":"https:\/\/www.hospitaltocopilla.cl\/index.php?rest_route=\/wp\/v2\/users\/8"}],"replies":[{"embeddable":true,"href":"https:\/\/www.hospitaltocopilla.cl\/index.php?rest_route=%2Fwp%2Fv2%2Fcomments&post=6511"}],"version-history":[{"count":1,"href":"https:\/\/www.hospitaltocopilla.cl\/index.php?rest_route=\/wp\/v2\/posts\/6511\/revisions"}],"predecessor-version":[{"id":6513,"href":"https:\/\/www.hospitaltocopilla.cl\/index.php?rest_route=\/wp\/v2\/posts\/6511\/revisions\/6513"}],"wp:featuredmedia":[{"embeddable":true,"href":"https:\/\/www.hospitaltocopilla.cl\/index.php?rest_route=\/wp\/v2\/media\/6512"}],"wp:attachment":[{"href":"https:\/\/www.hospitaltocopilla.cl\/index.php?rest_route=%2Fwp%2Fv2%2Fmedia&parent=6511"}],"wp:term":[{"taxonomy":"category","embeddable":true,"href":"https:\/\/www.hospitaltocopilla.cl\/index.php?rest_route=%2Fwp%2Fv2%2Fcategories&post=6511"},{"taxonomy":"post_tag","embeddable":true,"href":"https:\/\/www.hospitaltocopilla.cl\/index.php?rest_route=%2Fwp%2Fv2%2Ftags&post=6511"}],"curies":[{"name":"wp","href":"https:\/\/api.w.org\/{rel}","templated":true}]}}