{"id":6462,"date":"2025-06-12T20:44:48","date_gmt":"2025-06-12T20:44:48","guid":{"rendered":"https:\/\/www.hospitaltocopilla.cl\/?p=6462"},"modified":"2025-06-12T20:44:48","modified_gmt":"2025-06-12T20:44:48","slug":"cuenta-publica-participativa-de-gestion-2024-suben-examenes-preventivos-del-cancer-salud-y-atenciones-de-cronicos","status":"publish","type":"post","link":"https:\/\/www.hospitaltocopilla.cl\/?p=6462","title":{"rendered":"Cuenta P\u00fablica Participativa de Gesti\u00f3n 2024: Suben ex\u00e1menes preventivos del c\u00e1ncer, salud y atenciones de cr\u00f3nicos"},"content":{"rendered":"\n<p>Detalles de la gesti\u00f3n cl\u00ednica, administrativa y comunitaria del Hospital de la Familia y Comunidad Marcos Macuada, fue presentada por su directora (S) Juana Sep\u00falveda Villalobos a las vecinas, vecinos y autoridades, en la Cuenta P\u00fablica Participativa Gesti\u00f3n 2024.<\/p>\n\n\n\n<p>En la ocasi\u00f3n, se dio a conocer a la comunidad las datos m\u00e1s importantes de la gesti\u00f3n del a\u00f1o pasado destacando, la mayor cobertura de los ex\u00e1menes preventivos del c\u00e1ncer como mamograf\u00edas, papanicolau y colon check y un aumento en las atenciones m\u00e9dicas en los controles de los pacientes cr\u00f3nicos, lo que habla del compromiso de los usuarios por llegar a sus citas que subi\u00f3 en 115 atenciones.<\/p>\n\n\n\n<p>&nbsp;Nuevamente se destaca los convenios con diferentes instituciones para realizar los operativos m\u00e9dicos, como Fundaci\u00f3n Acrux y Sembrando Salud del m\u00e9dico antofagastino Pedro Ziede.<\/p>\n\n\n\n<p>Nuevamente hubo una gran cantidad de personas que no se presentan a sus horas con los profesionales de la salud, aunque mucho menos que el a\u00f1o 2023. En total fueron, 1.338 de m\u00e9dicos morbilidad, 1.088 m\u00e9dicos especialistas, 1.088 controles m\u00e9dicos de pacientes cr\u00f3nicos y 15.944 de profesionales no m\u00e9dicos que incluye: enfermera, fonoaudi\u00f3logo, kinesi\u00f3logo, trabajadora social, nutricionista, matrona, terapeuta ocupacional y psic\u00f3logo.<\/p>\n\n\n\n<p><strong>CEREMONIA<\/strong><\/p>\n\n\n\n<p>Miembros del Consejo Desarrollo Local, funcionarios y autoridades comunales llegaron a la actividad, entre los cuales estaban; la Delegada Presidencial Provincial, Rachel Cort\u00e9s; el Consejero Regional Patricio Tapia Julio; el director del Servicio de Salud Antofagasta, Francisco Grisol\u00eda Cirera; la presidenta del CDL, Delia Estay; la presidenta de la Uni\u00f3n Comunal de Juntas de Vecinos, Maritza Pino; el Comisario de la Cuarta Comisar\u00eda de Carabineros, el Teniente Coronel, Iv\u00e1n Cruz; el Capit\u00e1n de Corbeta, Cristian Peters, Capit\u00e1n de Puerto de Tocopilla; el Subprefecto de la Polic\u00eda de Investigaciones de Tocopilla, Aldo Cornejo; y el Vicepresidente de FENPRUSS nacional y funcionario de nuestro Hospital, Rodrigo Rocha.<\/p>\n\n\n\n<p>Asimismo, estuvieron presentes representantes de la empresa SQM y AESGener, juntas de vecinos, gremios, funcionarios y funcionarias. Todos ellos al finalizar la jornada pudieron conversar y analizar en mayor profundidad lo expuesto en una entretenida velada.<\/p>\n\n\n\n<p><strong>CUENTA P\u00daBLICA PARTICIPATIVA<\/strong><\/p>\n\n\n\n<p>Las Cuentas P\u00fablicas Participativas, tienen un proceso en el cual participa nuestro CDL, quienes sostuvieron una reuni\u00f3n previa con la directora y su equipo directivo, en el cual se les present\u00f3 un resumen ejecutivo de lo que se expondr\u00eda, donde los dirigentes sociales expusieron sus puntos y propusieron algunas ideas que son relevantes para ellos y la comunidad. Asimismo, esa misma presentaci\u00f3n se la llevan para su revisi\u00f3n con sus agrupaciones.<\/p>\n\n\n\n<p>Otro punto es que el d\u00eda de la exposici\u00f3n a los asistentes se les entreg\u00f3 una papeleta donde pod\u00edan formular las preguntas que quisieran las cuales ser\u00e1n respondidas posteriormente, de igual forma la Cuenta P\u00fablica Participativa Gesti\u00f3n 2024, fue subida a la p\u00e1gina web del hospital para su uso p\u00fablico.<\/p>\n\n\n\n<figure class=\"wp-block-image size-large\"><img loading=\"lazy\" decoding=\"async\" width=\"1024\" height=\"683\" src=\"https:\/\/www.hospitaltocopilla.cl\/wp-content\/uploads\/2025\/06\/03-1024x683.jpg\" alt=\"\" class=\"wp-image-6464\" srcset=\"https:\/\/www.hospitaltocopilla.cl\/wp-content\/uploads\/2025\/06\/03-1024x683.jpg 1024w, https:\/\/www.hospitaltocopilla.cl\/wp-content\/uploads\/2025\/06\/03-350x233.jpg 350w, https:\/\/www.hospitaltocopilla.cl\/wp-content\/uploads\/2025\/06\/03-768x512.jpg 768w, https:\/\/www.hospitaltocopilla.cl\/wp-content\/uploads\/2025\/06\/03-1536x1024.jpg 1536w, https:\/\/www.hospitaltocopilla.cl\/wp-content\/uploads\/2025\/06\/03-2048x1365.jpg 2048w, https:\/\/www.hospitaltocopilla.cl\/wp-content\/uploads\/2025\/06\/03-660x440.jpg 660w\" sizes=\"auto, (max-width: 1024px) 100vw, 1024px\" \/><\/figure>\n\n\n\n<figure class=\"wp-block-image size-large\"><img loading=\"lazy\" decoding=\"async\" width=\"1024\" height=\"683\" src=\"https:\/\/www.hospitaltocopilla.cl\/wp-content\/uploads\/2025\/06\/04-1024x683.jpg\" alt=\"\" class=\"wp-image-6465\" srcset=\"https:\/\/www.hospitaltocopilla.cl\/wp-content\/uploads\/2025\/06\/04-1024x683.jpg 1024w, https:\/\/www.hospitaltocopilla.cl\/wp-content\/uploads\/2025\/06\/04-350x233.jpg 350w, https:\/\/www.hospitaltocopilla.cl\/wp-content\/uploads\/2025\/06\/04-768x512.jpg 768w, https:\/\/www.hospitaltocopilla.cl\/wp-content\/uploads\/2025\/06\/04-1536x1024.jpg 1536w, https:\/\/www.hospitaltocopilla.cl\/wp-content\/uploads\/2025\/06\/04-2048x1365.jpg 2048w, https:\/\/www.hospitaltocopilla.cl\/wp-content\/uploads\/2025\/06\/04-660x440.jpg 660w\" sizes=\"auto, (max-width: 1024px) 100vw, 1024px\" \/><\/figure>\n","protected":false},"excerpt":{"rendered":"<p>Detalles de la gesti\u00f3n cl\u00ednica, administrativa y comunitaria del Hospital de la Familia y Comunidad Marcos Macuada, fue presentada por su directora (S) Juana Sep\u00falveda Villalobos a las vecinas, vecinos y autoridades, en la Cuenta P\u00fablica Participativa Gesti\u00f3n 2024. En la ocasi\u00f3n, se dio a conocer a la comunidad las datos m\u00e1s importantes de la [&hellip;]<\/p>\n","protected":false},"author":8,"featured_media":6463,"comment_status":"closed","ping_status":"closed","sticky":false,"template":"","format":"standard","meta":{"footnotes":""},"categories":[3],"tags":[],"class_list":["post-6462","post","type-post","status-publish","format-standard","has-post-thumbnail","hentry","category-noticias"],"_links":{"self":[{"href":"https:\/\/www.hospitaltocopilla.cl\/index.php?rest_route=\/wp\/v2\/posts\/6462","targetHints":{"allow":["GET"]}}],"collection":[{"href":"https:\/\/www.hospitaltocopilla.cl\/index.php?rest_route=\/wp\/v2\/posts"}],"about":[{"href":"https:\/\/www.hospitaltocopilla.cl\/index.php?rest_route=\/wp\/v2\/types\/post"}],"author":[{"embeddable":true,"href":"https:\/\/www.hospitaltocopilla.cl\/index.php?rest_route=\/wp\/v2\/users\/8"}],"replies":[{"embeddable":true,"href":"https:\/\/www.hospitaltocopilla.cl\/index.php?rest_route=%2Fwp%2Fv2%2Fcomments&post=6462"}],"version-history":[{"count":1,"href":"https:\/\/www.hospitaltocopilla.cl\/index.php?rest_route=\/wp\/v2\/posts\/6462\/revisions"}],"predecessor-version":[{"id":6466,"href":"https:\/\/www.hospitaltocopilla.cl\/index.php?rest_route=\/wp\/v2\/posts\/6462\/revisions\/6466"}],"wp:featuredmedia":[{"embeddable":true,"href":"https:\/\/www.hospitaltocopilla.cl\/index.php?rest_route=\/wp\/v2\/media\/6463"}],"wp:attachment":[{"href":"https:\/\/www.hospitaltocopilla.cl\/index.php?rest_route=%2Fwp%2Fv2%2Fmedia&parent=6462"}],"wp:term":[{"taxonomy":"category","embeddable":true,"href":"https:\/\/www.hospitaltocopilla.cl\/index.php?rest_route=%2Fwp%2Fv2%2Fcategories&post=6462"},{"taxonomy":"post_tag","embeddable":true,"href":"https:\/\/www.hospitaltocopilla.cl\/index.php?rest_route=%2Fwp%2Fv2%2Ftags&post=6462"}],"curies":[{"name":"wp","href":"https:\/\/api.w.org\/{rel}","templated":true}]}}