{"id":6069,"date":"2023-08-18T13:44:37","date_gmt":"2023-08-18T13:44:37","guid":{"rendered":"https:\/\/www.hospitaltocopilla.cl\/?p=6069"},"modified":"2023-08-18T13:44:37","modified_gmt":"2023-08-18T13:44:37","slug":"parte-la-3-version-del-concurso-de-relatos-sobre-lactancia-materna","status":"publish","type":"post","link":"https:\/\/www.hospitaltocopilla.cl\/?p=6069","title":{"rendered":"Parte la 3\u00b0 Versi\u00f3n del Concurso de Relatos Sobre Lactancia Materna"},"content":{"rendered":"\n<p>El Comit\u00e9 de Lactancia Materna del Hospital Comunitario Marcos Macuada, invita a todas las madres tocopillanas que se encuentran amamantando o que lo hayan vivido en los \u00faltimos a participar del concurso de cuentos breves \u201cRelata tu Experiencia de la Lactancia\u201d<\/p>\n\n\n\n<p>El texto literario debe tener como m\u00e1ximo cien palabras y ser enviado hasta el martes 22 de agosto a las 23:59 horas al siguiente correo: <a href=\"mailto:comitelactanciatocopilla@gmail.com\">comitelactanciatocopilla@gmail.com<\/a> donde un jurado integrado por un equipo multidisciplinario escoger\u00e1 a los ganadores.<\/p>\n\n\n\n<p>La nutricionista, Alison Godoy, quien est\u00e1 a cargo del comit\u00e9 invit\u00f3 a todas las mamitas tocopillanas y de Mar\u00eda Elena a participar de este concurso que busca que cada una de las mujeres que han pasado por esta gratificante experiencia puedan contar a trav\u00e9s de un relato literario que signific\u00f3 para ellas este v\u00ednculo con su bebe.&nbsp;<\/p>\n\n\n\n<p><strong>\u00bfQUI\u00c9NES PUEDEN PARTICIPAR?<\/strong><\/p>\n\n\n\n<p>Todas las madres que se encuentren en periodo de lactancia materna exclusiva, adem\u00e1s de todas las madres que hayan amamantado en forma exclusiva hasta los 6 meses de su hijo o hija en los \u00faltimos 2 a\u00f1os.<\/p>\n\n\n\n<p>Asimismo, todas las funcionarias de las diferentes \u00e1reas de nuestro establecimiento de salud que se encuentren amamantando o hayan amamantado de forma exclusiva hasta los 6 meses de vida de su hijo o hija en los \u00faltimos 2 a\u00f1os.<\/p>\n\n\n\n<p><strong>\u00bfC\u00d3MO ESCRIBO MI RELATO?<\/strong><\/p>\n\n\n\n<p>Los textos pueden estar escritos en cualquier estilo; cr\u00f3nica, cuento o poes\u00eda; con un m\u00e1ximo de cien palabras y que tenga como tema principal la experiencia personal sobre la Lactancia Materna.<\/p>\n\n\n\n<p>Cada texto debe ser enviado con los datos de las persona que lo escribi\u00f3, incluyendo nombre, edad, RUT, n\u00famero telef\u00f3nico, correo electr\u00f3nico y direcci\u00f3n, adem\u00e1s del nombre de su hijo.<\/p>\n\n\n\n<p>Cada una de estas obras literarias deben ser enviadas al correo antes mencionado: <a href=\"mailto:comitelactanciatocopilla@gmail.com\">comitelactanciatocopilla@gmail.com<\/a> y deben venir en formato Word o PDF ya que no se aceptar\u00e1n trabajos escritos a mano.<\/p>\n\n\n\n<p>Esta es la tercera versi\u00f3n de este concurso que entregar\u00e1 premios sorpresas a cada una de las participantes y que el a\u00f1o pasado fue todo un \u00e9xito, oportunidad donde una gran cantidad de madres tocopillanas participaron contado sus experiencias.<\/p>\n\n\n\n<p>Asimismo, se realizar\u00e1 un evento de premiaci\u00f3n donde ser\u00e1n invitadas todas las madres que concursen. As\u00ed que no lo piense m\u00e1s y escriba su experiencia que sin duda ser\u00e1 un gran regalo para su hijo cuando crezca.<\/p>\n\n\n\n<p><strong>OTRAS ACTIVIDADES<\/strong><\/p>\n\n\n\n<p>Adem\u00e1s del Concurso de Cuentos Breves, agosto tiene otras actividades relacionadas con la Lactancia Materna, entre las que se cuentan, charlas y una feria ciudadana con esta tem\u00e1tica.<\/p>\n\n\n\n<p>Actualmente est\u00e1n en el hall central del hospital los Paneles Educativos, para que la comunidad pueda conocer y educarse sobre la lactancia materna, asimismo est\u00e1 instalado el Panel de los Buenos Deseos, lugar donde las madres, amigas y p\u00fablico en general pueden dejar sus pensamientos positivos sobre la maternidad y la lactancia.<\/p>\n\n\n\n<p>Luego seguimos con una serie de charlas a las apoderadas de los jardines infantiles de la Red de la Junji e INTEGRA el 17 de agosto; la Feria Ciudadana que lleva por lema, \u201cAmamantar y Trabajar: \u00a1Hagamos que sea posible!\u201d en la plaza Carlos Condell el 25 de agosto de 9:00 a 12:30 horas, oportunidad donde habr\u00e1 una degustaci\u00f3n de diferentes preparaciones con leche \u201cPurita Mam\u00e1\u201d; para finalizar el 31 a las 11:00 horas con el cierre de actividades y la premiaci\u00f3n del concurso de cuentos.<\/p>\n","protected":false},"excerpt":{"rendered":"<p>El Comit\u00e9 de Lactancia Materna del Hospital Comunitario Marcos Macuada, invita a todas las madres tocopillanas que se encuentran amamantando o que lo hayan vivido en los \u00faltimos a participar del concurso de cuentos breves \u201cRelata tu Experiencia de la Lactancia\u201d El texto literario debe tener como m\u00e1ximo cien palabras y ser enviado hasta el [&hellip;]<\/p>\n","protected":false},"author":8,"featured_media":6070,"comment_status":"closed","ping_status":"closed","sticky":false,"template":"","format":"standard","meta":{"footnotes":""},"categories":[3],"tags":[],"class_list":["post-6069","post","type-post","status-publish","format-standard","has-post-thumbnail","hentry","category-noticias"],"_links":{"self":[{"href":"https:\/\/www.hospitaltocopilla.cl\/index.php?rest_route=\/wp\/v2\/posts\/6069","targetHints":{"allow":["GET"]}}],"collection":[{"href":"https:\/\/www.hospitaltocopilla.cl\/index.php?rest_route=\/wp\/v2\/posts"}],"about":[{"href":"https:\/\/www.hospitaltocopilla.cl\/index.php?rest_route=\/wp\/v2\/types\/post"}],"author":[{"embeddable":true,"href":"https:\/\/www.hospitaltocopilla.cl\/index.php?rest_route=\/wp\/v2\/users\/8"}],"replies":[{"embeddable":true,"href":"https:\/\/www.hospitaltocopilla.cl\/index.php?rest_route=%2Fwp%2Fv2%2Fcomments&post=6069"}],"version-history":[{"count":1,"href":"https:\/\/www.hospitaltocopilla.cl\/index.php?rest_route=\/wp\/v2\/posts\/6069\/revisions"}],"predecessor-version":[{"id":6071,"href":"https:\/\/www.hospitaltocopilla.cl\/index.php?rest_route=\/wp\/v2\/posts\/6069\/revisions\/6071"}],"wp:featuredmedia":[{"embeddable":true,"href":"https:\/\/www.hospitaltocopilla.cl\/index.php?rest_route=\/wp\/v2\/media\/6070"}],"wp:attachment":[{"href":"https:\/\/www.hospitaltocopilla.cl\/index.php?rest_route=%2Fwp%2Fv2%2Fmedia&parent=6069"}],"wp:term":[{"taxonomy":"category","embeddable":true,"href":"https:\/\/www.hospitaltocopilla.cl\/index.php?rest_route=%2Fwp%2Fv2%2Fcategories&post=6069"},{"taxonomy":"post_tag","embeddable":true,"href":"https:\/\/www.hospitaltocopilla.cl\/index.php?rest_route=%2Fwp%2Fv2%2Ftags&post=6069"}],"curies":[{"name":"wp","href":"https:\/\/api.w.org\/{rel}","templated":true}]}}