{"id":477,"date":"2014-04-08T19:03:54","date_gmt":"2014-04-08T19:03:54","guid":{"rendered":"http:\/\/www.hospitaltocopilla.cl\/?p=477"},"modified":"2014-04-28T16:53:17","modified_gmt":"2014-04-28T16:53:17","slug":"hospital-comenzo-ciclo-de-charlas-por-stress-postraumatico-en-colegios","status":"publish","type":"post","link":"https:\/\/www.hospitaltocopilla.cl\/?p=477","title":{"rendered":"HOSPITAL COMENZ\u00d3 CICLO DE CHARLAS POR STRESS POSTRAUM\u00c1TICO EN COLEGIOS"},"content":{"rendered":"<p><strong>Dra. Martin fue la expositora<\/strong><a href=\"http:\/\/www.hospitaltocopilla.cl\/?attachment_id=478\" rel=\"attachment wp-att-478\"><img loading=\"lazy\" decoding=\"async\" class=\"alignnone size-full wp-image-478\" alt=\"charla 3\" src=\"http:\/\/www.hospitaltocopilla.cl\/wp-content\/uploads\/2014\/04\/charla-3.jpg\" width=\"3264\" height=\"2448\" srcset=\"https:\/\/www.hospitaltocopilla.cl\/wp-content\/uploads\/2014\/04\/charla-3.jpg 3264w, https:\/\/www.hospitaltocopilla.cl\/wp-content\/uploads\/2014\/04\/charla-3-300x225.jpg 300w, https:\/\/www.hospitaltocopilla.cl\/wp-content\/uploads\/2014\/04\/charla-3-1024x768.jpg 1024w, https:\/\/www.hospitaltocopilla.cl\/wp-content\/uploads\/2014\/04\/charla-3-400x300.jpg 400w\" sizes=\"auto, (max-width: 3264px) 100vw, 3264px\" \/><\/a><\/p>\n<p style=\"text-align: justify;\">A sal\u00f3n lleno, esta ma\u00f1ana la Dra. Celeste Martin fue la encargada de dictar la primera charla de \u201ctrastornos por stress postraum\u00e1tico\u201d a alumnos de s\u00e9ptimo y octavo b\u00e1sico del Colegio Sagrada Familia, instituci\u00f3n educativa que de inmediato acept\u00f3 la propuesta de realizar este ciclo de charlas dado el actual escenario de incertidumbre que se vive en el Puerto producto de un inminente terremoto y posterior tsunami que afectar\u00eda a la ciudad.<\/p>\n<p style=\"text-align: justify;\">Al igual que el Cosafa, varios fueron los colegios que coordinaron sus charlas informativas a fin de que los alumnos conozcan qu\u00e9 reacciones (f\u00edsicas y emocionales) son esperables frente a situaciones de emergencias y tensi\u00f3n permanente que se genera frente a este tipo de situaciones.<\/p>\n<p style=\"text-align: justify;\"><strong>\u00a0APODERADOS Y PROFESORES<\/strong><\/p>\n<p style=\"text-align: justify;\">\u201cEn algunas instituciones esta charla ser\u00e1 enfocada a padres, apoderados y equipos docentes, dado a que \u00e9stos son observadores de conductas y el primer apoyo del menor en caso de presentar sintomatolog\u00eda asociada con al trastorno mencionado\u201d coment\u00f3 la Dra. Celeste Martin, una de cinco m\u00e9dicos que llegaron hace dos semanas en el marco del convenio Tocopilla- PUC.<\/p>\n<p style=\"text-align: justify;\">Durante toda esta semana se han coordinado diversas exhibiciones a fin de dar cobertura a todos establecimientos educacionales.<\/p>\n<p style=\"text-align: justify;\">Para coordinar en su establecimiento o junta de vecinos ser\u00e1 necesario comunicarse con la encargada de comunicaciones y relaciones p\u00fablicas del Hospital, cristina D\u00edaz al correo cdiaz@hospitaltocopilla.cl.<\/p>\n","protected":false},"excerpt":{"rendered":"<p>Dra. Martin fue la expositora A sal\u00f3n lleno, esta ma\u00f1ana la Dra. Celeste Martin fue la encargada de dictar la primera charla de \u201ctrastornos por stress postraum\u00e1tico\u201d a alumnos de s\u00e9ptimo y octavo b\u00e1sico del Colegio Sagrada Familia, instituci\u00f3n educativa que de inmediato acept\u00f3 la propuesta de realizar este ciclo de charlas dado el actual [&hellip;]<\/p>\n","protected":false},"author":8,"featured_media":0,"comment_status":"closed","ping_status":"closed","sticky":false,"template":"","format":"standard","meta":{"footnotes":""},"categories":[6,1,4,3],"tags":[],"class_list":["post-477","post","type-post","status-publish","format-standard","hentry","category-comunidad","category-general","category-eventos","category-noticias"],"_links":{"self":[{"href":"https:\/\/www.hospitaltocopilla.cl\/index.php?rest_route=\/wp\/v2\/posts\/477","targetHints":{"allow":["GET"]}}],"collection":[{"href":"https:\/\/www.hospitaltocopilla.cl\/index.php?rest_route=\/wp\/v2\/posts"}],"about":[{"href":"https:\/\/www.hospitaltocopilla.cl\/index.php?rest_route=\/wp\/v2\/types\/post"}],"author":[{"embeddable":true,"href":"https:\/\/www.hospitaltocopilla.cl\/index.php?rest_route=\/wp\/v2\/users\/8"}],"replies":[{"embeddable":true,"href":"https:\/\/www.hospitaltocopilla.cl\/index.php?rest_route=%2Fwp%2Fv2%2Fcomments&post=477"}],"version-history":[{"count":9,"href":"https:\/\/www.hospitaltocopilla.cl\/index.php?rest_route=\/wp\/v2\/posts\/477\/revisions"}],"predecessor-version":[{"id":641,"href":"https:\/\/www.hospitaltocopilla.cl\/index.php?rest_route=\/wp\/v2\/posts\/477\/revisions\/641"}],"wp:attachment":[{"href":"https:\/\/www.hospitaltocopilla.cl\/index.php?rest_route=%2Fwp%2Fv2%2Fmedia&parent=477"}],"wp:term":[{"taxonomy":"category","embeddable":true,"href":"https:\/\/www.hospitaltocopilla.cl\/index.php?rest_route=%2Fwp%2Fv2%2Fcategories&post=477"},{"taxonomy":"post_tag","embeddable":true,"href":"https:\/\/www.hospitaltocopilla.cl\/index.php?rest_route=%2Fwp%2Fv2%2Ftags&post=477"}],"curies":[{"name":"wp","href":"https:\/\/api.w.org\/{rel}","templated":true}]}}