{"id":469,"date":"2014-04-04T19:17:27","date_gmt":"2014-04-04T19:17:27","guid":{"rendered":"http:\/\/www.hospitaltocopilla.cl\/?p=469"},"modified":"2014-05-08T00:58:18","modified_gmt":"2014-05-08T00:58:18","slug":"hospital-realizara-ciclo-de-charlas-educativas-sobre-emergencias","status":"publish","type":"post","link":"https:\/\/www.hospitaltocopilla.cl\/?p=469","title":{"rendered":"HOSPITAL REALIZAR\u00c1 CICLO DE CHARLAS EDUCATIVAS SOBRE EMERGENCIAS"},"content":{"rendered":"<p>Para instruir a sus funcionarios sobre c\u00f3mo actuar frente a situaciones l\u00edmite<a href=\"http:\/\/www.hospitaltocopilla.cl\/?attachment_id=460\" rel=\"attachment wp-att-460\"><img loading=\"lazy\" decoding=\"async\" class=\"alignnone size-full wp-image-460\" alt=\"Cote y Giovanni\" src=\"http:\/\/www.hospitaltocopilla.cl\/wp-content\/uploads\/2014\/04\/Cote-y-Giovanni.jpg\" width=\"3264\" height=\"2448\" srcset=\"https:\/\/www.hospitaltocopilla.cl\/wp-content\/uploads\/2014\/04\/Cote-y-Giovanni.jpg 3264w, https:\/\/www.hospitaltocopilla.cl\/wp-content\/uploads\/2014\/04\/Cote-y-Giovanni-300x225.jpg 300w, https:\/\/www.hospitaltocopilla.cl\/wp-content\/uploads\/2014\/04\/Cote-y-Giovanni-1024x768.jpg 1024w, https:\/\/www.hospitaltocopilla.cl\/wp-content\/uploads\/2014\/04\/Cote-y-Giovanni-400x300.jpg 400w\" sizes=\"auto, (max-width: 3264px) 100vw, 3264px\" \/><\/a><\/p>\n<p>En el marco del Programa \u201cMi Hospital Preparado\u201d que lanz\u00f3 el Hospital Marcos Macuada a fin de informar, educar y concientizar a los funcionarios del centro asistencial sobre c\u00f3mo enfrentar una emergencia en el trabajo, a partir de este lunes 7 comenzar\u00e1 un ciclo de charlas informativas que abordar\u00e1 diversos temas de inter\u00e9s para el establecimiento, ya que \u00e9ste debe seguir funcionando frente a cualquier contingencia.<\/p>\n<p>\u00bfEstamos preparados para una emergencia? Es el nombre de la exposici\u00f3n que estar\u00e1 a cargo del encargado de emergencias, Giovanni Nilo y la jefa de urgencias Maria Jos\u00e9 Cort\u00e9z, quienes durante una semana difundir\u00e1n el plan de emergencia del centro de salud y algunas t\u00e9cnicas de seguridad para adoptar en el lugar de trabajo.<\/p>\n<p>Uno de los temas m\u00e1s relevantes que abordar\u00e1 esta actividad ser\u00e1 dar a conocer algunas medidas de organizaci\u00f3n familiar para entregar tranquilidad a los funcionarios si es que alg\u00fan evento inesperado sucede mientras se encuentran laborando.<\/p>\n<p>Erica del Piano, directora del Hospital, se\u00f1al\u00f3 que \u201cDebemos estar preparados a todo nivel\u201d de igual manera explic\u00f3 que la realizaci\u00f3n de este ciclo de charlas se hace sumamente necesaria, ya que es un buen ejercicio para preparar a los funcionarios frente a situaciones de emergencia, tomando en cuenta la frecuencia s\u00edsmica que ha habido en los \u00faltimo d\u00edas.<\/p>\n<p>Se espera que el 100% de los funcionarios participen de esta charla que se extender\u00e1 desde el lunes 7 al viernes 11 de abril en el Sal\u00f3n Auditorio del centro asistencial.<\/p>\n","protected":false},"excerpt":{"rendered":"<p>Para instruir a sus funcionarios sobre c\u00f3mo actuar frente a situaciones l\u00edmite En el marco del Programa \u201cMi Hospital Preparado\u201d que lanz\u00f3 el Hospital Marcos Macuada a fin de informar, educar y concientizar a los funcionarios del centro asistencial sobre c\u00f3mo enfrentar una emergencia en el trabajo, a partir de este lunes 7 comenzar\u00e1 un [&hellip;]<\/p>\n","protected":false},"author":8,"featured_media":0,"comment_status":"closed","ping_status":"closed","sticky":false,"template":"","format":"standard","meta":{"footnotes":""},"categories":[1,23,3,18,19],"tags":[],"class_list":["post-469","post","type-post","status-publish","format-standard","hentry","category-general","category-internas","category-noticias","category-unidades","category-urgencias"],"_links":{"self":[{"href":"https:\/\/www.hospitaltocopilla.cl\/index.php?rest_route=\/wp\/v2\/posts\/469","targetHints":{"allow":["GET"]}}],"collection":[{"href":"https:\/\/www.hospitaltocopilla.cl\/index.php?rest_route=\/wp\/v2\/posts"}],"about":[{"href":"https:\/\/www.hospitaltocopilla.cl\/index.php?rest_route=\/wp\/v2\/types\/post"}],"author":[{"embeddable":true,"href":"https:\/\/www.hospitaltocopilla.cl\/index.php?rest_route=\/wp\/v2\/users\/8"}],"replies":[{"embeddable":true,"href":"https:\/\/www.hospitaltocopilla.cl\/index.php?rest_route=%2Fwp%2Fv2%2Fcomments&post=469"}],"version-history":[{"count":7,"href":"https:\/\/www.hospitaltocopilla.cl\/index.php?rest_route=\/wp\/v2\/posts\/469\/revisions"}],"predecessor-version":[{"id":472,"href":"https:\/\/www.hospitaltocopilla.cl\/index.php?rest_route=\/wp\/v2\/posts\/469\/revisions\/472"}],"wp:attachment":[{"href":"https:\/\/www.hospitaltocopilla.cl\/index.php?rest_route=%2Fwp%2Fv2%2Fmedia&parent=469"}],"wp:term":[{"taxonomy":"category","embeddable":true,"href":"https:\/\/www.hospitaltocopilla.cl\/index.php?rest_route=%2Fwp%2Fv2%2Fcategories&post=469"},{"taxonomy":"post_tag","embeddable":true,"href":"https:\/\/www.hospitaltocopilla.cl\/index.php?rest_route=%2Fwp%2Fv2%2Ftags&post=469"}],"curies":[{"name":"wp","href":"https:\/\/api.w.org\/{rel}","templated":true}]}}