{"id":322,"date":"2014-03-13T15:26:34","date_gmt":"2014-03-13T15:26:34","guid":{"rendered":"http:\/\/www.hospitaltocopilla.cl\/?p=322"},"modified":"2014-04-28T19:42:45","modified_gmt":"2014-04-28T19:42:45","slug":"nuevos-especialistas-iniciaron-sus-labores-en-el-hospital","status":"publish","type":"post","link":"https:\/\/www.hospitaltocopilla.cl\/?p=322","title":{"rendered":"NUEVOS ESPECIALISTAS INICIARON SUS LABORES EN EL HOSPITAL"},"content":{"rendered":"<p>Ginec\u00f3logo y pediatra comenzar\u00edan atender desde este lunes<a href=\"http:\/\/www.hospitaltocopilla.cl\/?attachment_id=323\" rel=\"attachment wp-att-323\"><img loading=\"lazy\" decoding=\"async\" class=\"alignnone size-full wp-image-323\" alt=\"medicos espcialistas\" src=\"http:\/\/www.hospitaltocopilla.cl\/wp-content\/uploads\/2014\/03\/medicos-espcialistas.jpg\" width=\"1000\" height=\"563\" srcset=\"https:\/\/www.hospitaltocopilla.cl\/wp-content\/uploads\/2014\/03\/medicos-espcialistas.jpg 1000w, https:\/\/www.hospitaltocopilla.cl\/wp-content\/uploads\/2014\/03\/medicos-espcialistas-300x169.jpg 300w, https:\/\/www.hospitaltocopilla.cl\/wp-content\/uploads\/2014\/03\/medicos-espcialistas-500x281.jpg 500w\" sizes=\"auto, (max-width: 1000px) 100vw, 1000px\" \/><\/a><\/p>\n<p>Rigoberto Valecillos y Jos\u00e9 Ram\u00f3n Gutierrez, pediatra y ginec\u00f3logo respectivamente, son los dos \u00faltimos m\u00e9dicos que completan la lista de especialidades comprometidas por el Ministro Jaime Ma\u00f1alich luego de las movilizaciones de agosto pasado en Tocopilla.<\/p>\n<p>Los nuevos profesionales llegaron ayer hasta el Puerto Salitrero y recorrieron en compa\u00f1\u00eda del subdirector m\u00e9dico Esteban Rojas, las instalaciones del Hospital.<\/p>\n<p>A ambos profesionales se suman Rafael Ter\u00e1n, internista espa\u00f1ol que desde hace un mes forma parte\u00a0 este centro asistencial y Libia Hern\u00e1ndez, anestesista venezolana que se encuentra en la ciudad desde el mes de octubre.<\/p>\n<p>Esta ma\u00f1ana, la directora del Hospital, Erica del Piano, oficializ\u00f3 la noticia al alcalde Fernando San Roman, quien a primera hora lleg\u00f3 hasta el hospital entregar una bienvenida al equipo de especialistas.<\/p>\n<p>En ese contexto, la directora Del Piano manifest\u00f3 sentirse contenta de haber concluido de manera exitosa esta etapa de gran expectativa por parte de los usuarios, puesto que con la llegada de estos dos profesionales se da por cumplido el compromiso de salud adquirido por el MINSAL. Adem\u00e1s destac\u00f3 el rol protag\u00f3nico de la comunidad en todo el proceso y la paciencia que han tenido al esperar que se cumpliera el compromiso m\u00e1s importante del petitorio realizado en agosto.<\/p>\n<p>&nbsp;<\/p>\n<p>&nbsp;<\/p>\n<p>&nbsp;<\/p>\n","protected":false},"excerpt":{"rendered":"<p>Ginec\u00f3logo y pediatra comenzar\u00edan atender desde este lunes Rigoberto Valecillos y Jos\u00e9 Ram\u00f3n Gutierrez, pediatra y ginec\u00f3logo respectivamente, son los dos \u00faltimos m\u00e9dicos que completan la lista de especialidades comprometidas por el Ministro Jaime Ma\u00f1alich luego de las movilizaciones de agosto pasado en Tocopilla. Los nuevos profesionales llegaron ayer hasta el Puerto Salitrero y recorrieron [&hellip;]<\/p>\n","protected":false},"author":8,"featured_media":0,"comment_status":"open","ping_status":"closed","sticky":false,"template":"","format":"standard","meta":{"footnotes":""},"categories":[6,1,23,3],"tags":[],"class_list":["post-322","post","type-post","status-publish","format-standard","hentry","category-comunidad","category-general","category-internas","category-noticias"],"_links":{"self":[{"href":"https:\/\/www.hospitaltocopilla.cl\/index.php?rest_route=\/wp\/v2\/posts\/322","targetHints":{"allow":["GET"]}}],"collection":[{"href":"https:\/\/www.hospitaltocopilla.cl\/index.php?rest_route=\/wp\/v2\/posts"}],"about":[{"href":"https:\/\/www.hospitaltocopilla.cl\/index.php?rest_route=\/wp\/v2\/types\/post"}],"author":[{"embeddable":true,"href":"https:\/\/www.hospitaltocopilla.cl\/index.php?rest_route=\/wp\/v2\/users\/8"}],"replies":[{"embeddable":true,"href":"https:\/\/www.hospitaltocopilla.cl\/index.php?rest_route=%2Fwp%2Fv2%2Fcomments&post=322"}],"version-history":[{"count":4,"href":"https:\/\/www.hospitaltocopilla.cl\/index.php?rest_route=\/wp\/v2\/posts\/322\/revisions"}],"predecessor-version":[{"id":679,"href":"https:\/\/www.hospitaltocopilla.cl\/index.php?rest_route=\/wp\/v2\/posts\/322\/revisions\/679"}],"wp:attachment":[{"href":"https:\/\/www.hospitaltocopilla.cl\/index.php?rest_route=%2Fwp%2Fv2%2Fmedia&parent=322"}],"wp:term":[{"taxonomy":"category","embeddable":true,"href":"https:\/\/www.hospitaltocopilla.cl\/index.php?rest_route=%2Fwp%2Fv2%2Fcategories&post=322"},{"taxonomy":"post_tag","embeddable":true,"href":"https:\/\/www.hospitaltocopilla.cl\/index.php?rest_route=%2Fwp%2Fv2%2Ftags&post=322"}],"curies":[{"name":"wp","href":"https:\/\/api.w.org\/{rel}","templated":true}]}}