{"id":3075,"date":"2019-01-15T11:47:15","date_gmt":"2019-01-15T11:47:15","guid":{"rendered":"http:\/\/www.hospitaltocopilla.cl\/?p=3075"},"modified":"2019-01-22T14:42:11","modified_gmt":"2019-01-22T14:42:11","slug":"hospital-marcos-macuada-visito-la-radio-para-hablar-sobre-la-campana-de-vacunacion-contra-el-sarampion","status":"publish","type":"post","link":"https:\/\/www.hospitaltocopilla.cl\/?p=3075","title":{"rendered":"Hospital Marcos Macuada visit\u00f3 la radio para hablar sobre la campa\u00f1a de vacunaci\u00f3n contra el Sarampi\u00f3n"},"content":{"rendered":"<p><em>Se deben vacunar las personas que tienen entre 20 y 24 a\u00f1os 11 meses y 29 d\u00edas. Adem\u00e1s, quienes vayan a viajar fuera del pa\u00eds.<\/em><\/p>\n<p>Cintia Ag\u00fcero y Mar\u00eda Jos\u00e9 Cortez, ambas funcionaras del Hospital Comunitario Marcos Macuada, visitaron los estudios de radio Actual, para hablar sobre la campa\u00f1a de vacunaci\u00f3n contra el Sarampi\u00f3n con la locutora Paola Figueroa.<\/p>\n<p>En la ocasi\u00f3n dieron a conocer a los oyentes los requisitos necesarios y obligatorios para poder optar a la vacuna, entre los que se cuentan que sus edades fluct\u00faen entre 20 y 24 a\u00f1os 11 meses y 29 d\u00edas.<\/p>\n<p>Adem\u00e1s, se\u00f1alaron que\u00a0se deben vacunar las personas nacidas entre los a\u00f1os 1971 a 1981 que viajen a cualquier destino fuera del pa\u00eds, de preferencia 15 d\u00edas antes de salir del viaje, los cuales deben traer sus pasajes u orden m\u00e9dica que indique que la vacuna es por viaje.<\/p>\n<p>Los horarios del vacunatorio del Hospital Comunitario Marcos Macuada son: de lunes a jueves entre las 8:30 a 12:30 horas y en la tarde de 14:00 a 16:30 horas, mientras que el viernes se atender\u00e1 de 8:30 a 12:30 horas y en la tarde de 14:00 a 15:30 horas.<\/p>\n<p>En todos los casos, adem\u00e1s, deber\u00e1n traer sus c\u00e9dulas de identidad vigentes y pasar al vacunatorio ubicado en el segundo piso del centro de salud.<\/p>\n<div id=\"attachment_3079\" style=\"width: 426px\" class=\"wp-caption alignnone\"><a href=\"http:\/\/www.hospitaltocopilla.cl\/?attachment_id=3079\" rel=\"attachment wp-att-3079\"><img loading=\"lazy\" decoding=\"async\" aria-describedby=\"caption-attachment-3079\" class=\"wp-image-3079\" src=\"http:\/\/www.hospitaltocopilla.cl\/wp-content\/uploads\/2019\/01\/IMG_0059.jpg\" alt=\"\" width=\"416\" height=\"315\" \/><\/a><p id=\"caption-attachment-3079\" class=\"wp-caption-text\">Mar\u00eda Jos\u00e9 Cortez y Cintia Ag\u00fcero, en los estudios de radio Actual.<\/p><\/div>\n<p>La campa\u00f1a se extender\u00e1 hasta el 28 de febrero y en la ciudad se deben vacunar aproximadamente 1572 tocopillanos de las cuales hasta el momento solo se han vacunado 292 personas.<\/p>\n<p><strong>Esta campa\u00f1a responde a:<\/strong><\/p>\n<p>\u2013 El aumento de casos de sarampi\u00f3n en los pa\u00edses de la regi\u00f3n durante los 2 \u00faltimos a\u00f1os.<\/p>\n<p>\u2013 Que esa poblaci\u00f3n no ha estado expuesta a circulaci\u00f3n de virus del sarampi\u00f3n<strong>.<\/strong><\/p>\n<p>\u2013 La migraci\u00f3n de poblaci\u00f3n adulta joven desde pa<strong>\u00ed<\/strong>ses que han tenido aumento de notificaci\u00f3n de casos de sarampi\u00f3n y de quienes se desconoce el estado vacunal.<\/p>\n<p>\u2013 Brotes de parotiditis que se han registrado en el pa\u00eds desde 2016 y que han afectado principalmente j\u00f3venes de 20 a 24 a\u00f1os.<\/p>\n","protected":false},"excerpt":{"rendered":"<p>Se deben vacunar las personas que tienen entre 20 y 24 a\u00f1os 11 meses y 29 d\u00edas. Adem\u00e1s, quienes vayan a viajar fuera del pa\u00eds. Cintia Ag\u00fcero y Mar\u00eda Jos\u00e9 Cortez, ambas funcionaras del Hospital Comunitario Marcos Macuada, visitaron los estudios de radio Actual, para hablar sobre la campa\u00f1a de vacunaci\u00f3n contra el Sarampi\u00f3n con [&hellip;]<\/p>\n","protected":false},"author":8,"featured_media":3077,"comment_status":"closed","ping_status":"closed","sticky":false,"template":"","format":"standard","meta":{"footnotes":""},"categories":[3],"tags":[41,39],"class_list":["post-3075","post","type-post","status-publish","format-standard","has-post-thumbnail","hentry","category-noticias","tag-construyendosaludcontigo-serviciodesaludantofagasta","tag-hospitalcomunitariomarcosmacuada"],"_links":{"self":[{"href":"https:\/\/www.hospitaltocopilla.cl\/index.php?rest_route=\/wp\/v2\/posts\/3075","targetHints":{"allow":["GET"]}}],"collection":[{"href":"https:\/\/www.hospitaltocopilla.cl\/index.php?rest_route=\/wp\/v2\/posts"}],"about":[{"href":"https:\/\/www.hospitaltocopilla.cl\/index.php?rest_route=\/wp\/v2\/types\/post"}],"author":[{"embeddable":true,"href":"https:\/\/www.hospitaltocopilla.cl\/index.php?rest_route=\/wp\/v2\/users\/8"}],"replies":[{"embeddable":true,"href":"https:\/\/www.hospitaltocopilla.cl\/index.php?rest_route=%2Fwp%2Fv2%2Fcomments&post=3075"}],"version-history":[{"count":6,"href":"https:\/\/www.hospitaltocopilla.cl\/index.php?rest_route=\/wp\/v2\/posts\/3075\/revisions"}],"predecessor-version":[{"id":3149,"href":"https:\/\/www.hospitaltocopilla.cl\/index.php?rest_route=\/wp\/v2\/posts\/3075\/revisions\/3149"}],"wp:featuredmedia":[{"embeddable":true,"href":"https:\/\/www.hospitaltocopilla.cl\/index.php?rest_route=\/wp\/v2\/media\/3077"}],"wp:attachment":[{"href":"https:\/\/www.hospitaltocopilla.cl\/index.php?rest_route=%2Fwp%2Fv2%2Fmedia&parent=3075"}],"wp:term":[{"taxonomy":"category","embeddable":true,"href":"https:\/\/www.hospitaltocopilla.cl\/index.php?rest_route=%2Fwp%2Fv2%2Fcategories&post=3075"},{"taxonomy":"post_tag","embeddable":true,"href":"https:\/\/www.hospitaltocopilla.cl\/index.php?rest_route=%2Fwp%2Fv2%2Ftags&post=3075"}],"curies":[{"name":"wp","href":"https:\/\/api.w.org\/{rel}","templated":true}]}}