{"id":3067,"date":"2019-01-07T15:45:32","date_gmt":"2019-01-07T15:45:32","guid":{"rendered":"http:\/\/www.hospitaltocopilla.cl\/?p=3067"},"modified":"2019-01-22T14:38:50","modified_gmt":"2019-01-22T14:38:50","slug":"comenzo-la-campana-de-vacunacion-contra-el-sarampion","status":"publish","type":"post","link":"https:\/\/www.hospitaltocopilla.cl\/?p=3067","title":{"rendered":"Comenz\u00f3 la campa\u00f1a de vacunaci\u00f3n contra el Sarampi\u00f3n"},"content":{"rendered":"<p><em>Solo las personas de edades entre 20 y 24 a\u00f1os 11 meses y 29 d\u00edas y quienes vayan a viajar fuera del pa\u00eds se deben vacunar.<\/em><\/p>\n<p>El Ministerio de Salud, como parte de la prevenci\u00f3n frente al brote de sarampi\u00f3n importado, llama a reforzar o poner al d\u00eda la vacunaci\u00f3n a las personas de edades entre 20 y 24 a\u00f1os 11 meses y 29 d\u00edas.<\/p>\n<p>En Tocopilla podr\u00e1n realizarlo del Hospital Comunitario Marcos Macuada solo las personas que cumplan con ese rango etario en horarios que van de lunes a jueves entre las 8:30 a 12:30 horas y en la tarde de 14:00 a 16:30 horas, mientras que el viernes se atender\u00e1 de 8:30 a 12:30 horas y en la tarde de 14:00 a 15:30 horas.<\/p>\n<p>Adem\u00e1s de ellos se deben vacunar las personas nacidas entre los a\u00f1os 1971 a 1981 que viajen a destino fuera del pa\u00eds, los cuales deben traer sus pasajes u orden m\u00e9dica que indique que la vacuna es por viaje. En este caso se recomienda que lo hagan con un m\u00ednimo de 15 d\u00edas antes de salir del pa\u00eds.<\/p>\n<p>En todos los casos, adem\u00e1s, deber\u00e1n traer sus c\u00e9dulas de identidad vigentes y pasar al vacunatorio ubicado en el segundo piso del centro de salud.<\/p>\n","protected":false},"excerpt":{"rendered":"<p>Solo las personas de edades entre 20 y 24 a\u00f1os 11 meses y 29 d\u00edas y quienes vayan a viajar fuera del pa\u00eds se deben vacunar. El Ministerio de Salud, como parte de la prevenci\u00f3n frente al brote de sarampi\u00f3n importado, llama a reforzar o poner al d\u00eda la vacunaci\u00f3n a las personas de edades [&hellip;]<\/p>\n","protected":false},"author":8,"featured_media":3070,"comment_status":"closed","ping_status":"closed","sticky":false,"template":"","format":"standard","meta":{"footnotes":""},"categories":[3],"tags":[38,39,40],"class_list":["post-3067","post","type-post","status-publish","format-standard","has-post-thumbnail","hentry","category-noticias","tag-construyendosaludcontigo","tag-hospitalcomunitariomarcosmacuada","tag-serviciodesaludantofagasta"],"_links":{"self":[{"href":"https:\/\/www.hospitaltocopilla.cl\/index.php?rest_route=\/wp\/v2\/posts\/3067","targetHints":{"allow":["GET"]}}],"collection":[{"href":"https:\/\/www.hospitaltocopilla.cl\/index.php?rest_route=\/wp\/v2\/posts"}],"about":[{"href":"https:\/\/www.hospitaltocopilla.cl\/index.php?rest_route=\/wp\/v2\/types\/post"}],"author":[{"embeddable":true,"href":"https:\/\/www.hospitaltocopilla.cl\/index.php?rest_route=\/wp\/v2\/users\/8"}],"replies":[{"embeddable":true,"href":"https:\/\/www.hospitaltocopilla.cl\/index.php?rest_route=%2Fwp%2Fv2%2Fcomments&post=3067"}],"version-history":[{"count":5,"href":"https:\/\/www.hospitaltocopilla.cl\/index.php?rest_route=\/wp\/v2\/posts\/3067\/revisions"}],"predecessor-version":[{"id":3148,"href":"https:\/\/www.hospitaltocopilla.cl\/index.php?rest_route=\/wp\/v2\/posts\/3067\/revisions\/3148"}],"wp:featuredmedia":[{"embeddable":true,"href":"https:\/\/www.hospitaltocopilla.cl\/index.php?rest_route=\/wp\/v2\/media\/3070"}],"wp:attachment":[{"href":"https:\/\/www.hospitaltocopilla.cl\/index.php?rest_route=%2Fwp%2Fv2%2Fmedia&parent=3067"}],"wp:term":[{"taxonomy":"category","embeddable":true,"href":"https:\/\/www.hospitaltocopilla.cl\/index.php?rest_route=%2Fwp%2Fv2%2Fcategories&post=3067"},{"taxonomy":"post_tag","embeddable":true,"href":"https:\/\/www.hospitaltocopilla.cl\/index.php?rest_route=%2Fwp%2Fv2%2Ftags&post=3067"}],"curies":[{"name":"wp","href":"https:\/\/api.w.org\/{rel}","templated":true}]}}