{"id":2999,"date":"2018-12-26T12:17:19","date_gmt":"2018-12-26T12:17:19","guid":{"rendered":"http:\/\/www.hospitaltocopilla.cl\/?p=2999"},"modified":"2018-12-27T14:03:52","modified_gmt":"2018-12-27T14:03:52","slug":"120-tocopillanos-se-capacitaron-en-cuidados-para-personas-con-dependencias-severas","status":"publish","type":"post","link":"https:\/\/www.hospitaltocopilla.cl\/?p=2999","title":{"rendered":"120 tocopillanos se capacitaron en cuidados para personas con dependencias severas"},"content":{"rendered":"<p>El equipo del Programa de Atenci\u00f3n Domiciliaria Integral \u00a8Pradi\u201d, realiz\u00f3 la ceremonia de cierre del \u201cTaller de Cuidadores de Personas con Dependencias Severas\u201d, iniciativa que benefici\u00f3 a 120 tocopillanos en total, que durante el a\u00f1o participaron de esta actividad.<\/p>\n<p>Todos ellos, en su mayor\u00eda, son familiares de los pacientes que forman parte del \u201cPrograma de Atenci\u00f3n Domiciliara a Personas con Dependencia Severa\u201d, quienes velan por los cuidados de sus seres queridos y que a trav\u00e9s del taller, adquirieron nuevos conocimientos que les permitir\u00e1n mejorar su labor.<\/p>\n<p>En la oportunidad recibieron instrucci\u00f3n sobre,\u00a0 nutrici\u00f3n, prevenci\u00f3n de ulcera por presi\u00f3n, salud bucal, orientaci\u00f3n judicial,\u00a0 educaci\u00f3n sobre enfermedades cardiovasculares, promoci\u00f3n de la salud, pesquisas de c\u00e1ncer, actividad f\u00edsica y capacitaci\u00f3n sobre todos los beneficios sociales a los cuales pueden acceder a trav\u00e9s del gobiernos, entre otros.<\/p>\n<p>Durante la ceremonia, una de las participantes del taller, Nilvia Salamanca Mu\u00f1oz, pronunci\u00f3 unas emotivas palabras donde record\u00f3 los primeros d\u00edas de la enfermedad de su madre y como el Pradi la ayud\u00f3 en esos duros momentos, \u201cqueremos que este equipo contin\u00fae trabajando en el hospital\u201d, ya que son muchas las personas que los necesitan, agreg\u00f3.<\/p>\n<p>Erica del Piano, directora del Hospital Comunitario, se\u00f1al\u00f3 que en el transcurso de este a\u00f1o el programa ha seguido consolid\u00e1ndose entre toda la comunidad tocopillana quienes valoran el aporte que se hace en beneficio de los pacientes que no pueden salir de sus hogares y sus familias.<\/p>\n<p>Desde el equipo Pradi agradecieron a los diferentes organismos que ayudaron en el buen desarrollo de este taller, entre los que se encuentra la Corporaci\u00f3n de Asistencia Judicial, Gobernaci\u00f3n Provincial de Tocopilla, Damas de Rojo, Agrupaci\u00f3n Renacer, profesionales de la Atenci\u00f3n Primaria en Salud (APS), entre los que se cuentan odont\u00f3logos, psic\u00f3logos y nutricionistas.<\/p>\n<div id=\"attachment_3003\" style=\"width: 435px\" class=\"wp-caption alignnone\"><a href=\"http:\/\/www.hospitaltocopilla.cl\/?attachment_id=3003\" rel=\"attachment wp-att-3003\"><img loading=\"lazy\" decoding=\"async\" aria-describedby=\"caption-attachment-3003\" class=\" wp-image-3003\" src=\"http:\/\/www.hospitaltocopilla.cl\/wp-content\/uploads\/2018\/12\/20181220_160653.jpg\" alt=\"\" width=\"425\" height=\"279\" \/><\/a><p id=\"caption-attachment-3003\" class=\"wp-caption-text\">El equipo Pradi que trabaj\u00f3 el 2018.<\/p><\/div>\n<p><strong>Pradi<\/strong><\/p>\n<p>El programa Pradi tiene como objetivo dar continuidad a las atenciones de salud en los domicilios de las personas con dependencias severa y que no pueden asistir por sus propios medios hasta el Hospital Comunitario Marcos Macuada, con \u00e9nfasis en un plan familiar que permita un tratamiento para el paciente y el cuidador.<\/p>\n<p>El equipo est\u00e1 formado por seis personas, quienes realizan atenciones en el \u00e1rea \u00a0m\u00e9dica, de enfermer\u00eda, kinesiolog\u00eda y de trabajo social.<\/p>\n","protected":false},"excerpt":{"rendered":"<p>El equipo del Programa de Atenci\u00f3n Domiciliaria Integral \u00a8Pradi\u201d, realiz\u00f3 la ceremonia de cierre del \u201cTaller de Cuidadores de Personas con Dependencias Severas\u201d, iniciativa que benefici\u00f3 a 120 tocopillanos en total, que durante el a\u00f1o participaron de esta actividad. Todos ellos, en su mayor\u00eda, son familiares de los pacientes que forman parte del \u201cPrograma de [&hellip;]<\/p>\n","protected":false},"author":8,"featured_media":3002,"comment_status":"closed","ping_status":"closed","sticky":false,"template":"","format":"standard","meta":{"footnotes":""},"categories":[3],"tags":[32,33],"class_list":["post-2999","post","type-post","status-publish","format-standard","has-post-thumbnail","hentry","category-noticias","tag-construyendo-salud-contigo","tag-hospital-comunitario-marcos-macuada"],"_links":{"self":[{"href":"https:\/\/www.hospitaltocopilla.cl\/index.php?rest_route=\/wp\/v2\/posts\/2999","targetHints":{"allow":["GET"]}}],"collection":[{"href":"https:\/\/www.hospitaltocopilla.cl\/index.php?rest_route=\/wp\/v2\/posts"}],"about":[{"href":"https:\/\/www.hospitaltocopilla.cl\/index.php?rest_route=\/wp\/v2\/types\/post"}],"author":[{"embeddable":true,"href":"https:\/\/www.hospitaltocopilla.cl\/index.php?rest_route=\/wp\/v2\/users\/8"}],"replies":[{"embeddable":true,"href":"https:\/\/www.hospitaltocopilla.cl\/index.php?rest_route=%2Fwp%2Fv2%2Fcomments&post=2999"}],"version-history":[{"count":4,"href":"https:\/\/www.hospitaltocopilla.cl\/index.php?rest_route=\/wp\/v2\/posts\/2999\/revisions"}],"predecessor-version":[{"id":3013,"href":"https:\/\/www.hospitaltocopilla.cl\/index.php?rest_route=\/wp\/v2\/posts\/2999\/revisions\/3013"}],"wp:featuredmedia":[{"embeddable":true,"href":"https:\/\/www.hospitaltocopilla.cl\/index.php?rest_route=\/wp\/v2\/media\/3002"}],"wp:attachment":[{"href":"https:\/\/www.hospitaltocopilla.cl\/index.php?rest_route=%2Fwp%2Fv2%2Fmedia&parent=2999"}],"wp:term":[{"taxonomy":"category","embeddable":true,"href":"https:\/\/www.hospitaltocopilla.cl\/index.php?rest_route=%2Fwp%2Fv2%2Fcategories&post=2999"},{"taxonomy":"post_tag","embeddable":true,"href":"https:\/\/www.hospitaltocopilla.cl\/index.php?rest_route=%2Fwp%2Fv2%2Ftags&post=2999"}],"curies":[{"name":"wp","href":"https:\/\/api.w.org\/{rel}","templated":true}]}}