{"id":2951,"date":"2018-12-19T11:50:36","date_gmt":"2018-12-19T11:50:36","guid":{"rendered":"http:\/\/www.hospitaltocopilla.cl\/?p=2951"},"modified":"2018-12-19T12:42:11","modified_gmt":"2018-12-19T12:42:11","slug":"interesante-charla-sobre-el-cancer-del-cuello-de-utero","status":"publish","type":"post","link":"https:\/\/www.hospitaltocopilla.cl\/?p=2951","title":{"rendered":"Interesante charla sobre el C\u00e1ncer del Cuello de \u00datero"},"content":{"rendered":"<p>Toda la comunidad tocopillana est\u00e1 invitada a una interesante charla sobre C\u00e1ncer de Cuello de \u00datero, donde podr\u00e1 conocer sobre sus formas de detecci\u00f3n y prevenci\u00f3n.\u00a0 Actividad coordinada con la Gob<span class=\"text_exposed_show\">ernaci\u00f3n Provincial de Tocopilla.<br \/>\nLos esperamos el mi\u00e9rcoles 19 de diciembre a las 10.45 horas en el auditorio del Hospital Comunitario Marcos Macuada de Tocopilla.<\/span><\/p>\n<div class=\"text_exposed_show\">\n<p><a class=\"_58cn\" href=\"https:\/\/www.facebook.com\/hashtag\/construyendosaludcontigo?source=feed_text&amp;epa=HASHTAG\" data-ft=\"{&quot;type&quot;:104,&quot;tn&quot;:&quot;*N&quot;}\"><span class=\"_5afx\"><span class=\"_58cl _5afz\" aria-label=\"hashtag\">#<\/span><span class=\"_58cm\">ConstruyendoSaludContigo<\/span><\/span><\/a><br \/>\n<a class=\"_58cn\" href=\"https:\/\/www.facebook.com\/hashtag\/hospitalcomunitariomarcosmacuada?source=feed_text&amp;epa=HASHTAG\" data-ft=\"{&quot;type&quot;:104,&quot;tn&quot;:&quot;*N&quot;}\"><span class=\"_5afx\"><span class=\"_58cl _5afz\" aria-label=\"hashtag\">#<\/span><span class=\"_58cm\">HospitalComunitarioMarcosMacuada<\/span><\/span><\/a><\/p>\n<p><a class=\"_58cn\" href=\"https:\/\/www.facebook.com\/hashtag\/prevenciondelcancercervicouterino?source=feed_text&amp;epa=HASHTAG\" data-ft=\"{&quot;type&quot;:104,&quot;tn&quot;:&quot;*N&quot;}\"><span class=\"_5afx\"><span class=\"_58cl _5afz\" aria-label=\"hashtag\">#<\/span><span class=\"_58cm\">Prevenciondelcancercervicouterino<\/span><\/span><\/a><\/p>\n<\/div>\n","protected":false},"excerpt":{"rendered":"<p>Toda la comunidad tocopillana est\u00e1 invitada a una interesante charla sobre C\u00e1ncer de Cuello de \u00datero, donde podr\u00e1 conocer sobre sus formas de detecci\u00f3n y prevenci\u00f3n.\u00a0 Actividad coordinada con la Gobernaci\u00f3n Provincial de Tocopilla. Los esperamos el mi\u00e9rcoles 19 de diciembre a las 10.45 horas en el auditorio del Hospital Comunitario Marcos Macuada de Tocopilla. [&hellip;]<\/p>\n","protected":false},"author":8,"featured_media":2959,"comment_status":"closed","ping_status":"closed","sticky":false,"template":"","format":"standard","meta":{"footnotes":""},"categories":[3],"tags":[],"class_list":["post-2951","post","type-post","status-publish","format-standard","has-post-thumbnail","hentry","category-noticias"],"_links":{"self":[{"href":"https:\/\/www.hospitaltocopilla.cl\/index.php?rest_route=\/wp\/v2\/posts\/2951","targetHints":{"allow":["GET"]}}],"collection":[{"href":"https:\/\/www.hospitaltocopilla.cl\/index.php?rest_route=\/wp\/v2\/posts"}],"about":[{"href":"https:\/\/www.hospitaltocopilla.cl\/index.php?rest_route=\/wp\/v2\/types\/post"}],"author":[{"embeddable":true,"href":"https:\/\/www.hospitaltocopilla.cl\/index.php?rest_route=\/wp\/v2\/users\/8"}],"replies":[{"embeddable":true,"href":"https:\/\/www.hospitaltocopilla.cl\/index.php?rest_route=%2Fwp%2Fv2%2Fcomments&post=2951"}],"version-history":[{"count":9,"href":"https:\/\/www.hospitaltocopilla.cl\/index.php?rest_route=\/wp\/v2\/posts\/2951\/revisions"}],"predecessor-version":[{"id":2971,"href":"https:\/\/www.hospitaltocopilla.cl\/index.php?rest_route=\/wp\/v2\/posts\/2951\/revisions\/2971"}],"wp:featuredmedia":[{"embeddable":true,"href":"https:\/\/www.hospitaltocopilla.cl\/index.php?rest_route=\/wp\/v2\/media\/2959"}],"wp:attachment":[{"href":"https:\/\/www.hospitaltocopilla.cl\/index.php?rest_route=%2Fwp%2Fv2%2Fmedia&parent=2951"}],"wp:term":[{"taxonomy":"category","embeddable":true,"href":"https:\/\/www.hospitaltocopilla.cl\/index.php?rest_route=%2Fwp%2Fv2%2Fcategories&post=2951"},{"taxonomy":"post_tag","embeddable":true,"href":"https:\/\/www.hospitaltocopilla.cl\/index.php?rest_route=%2Fwp%2Fv2%2Ftags&post=2951"}],"curies":[{"name":"wp","href":"https:\/\/api.w.org\/{rel}","templated":true}]}}