{"id":2878,"date":"2017-12-11T12:56:26","date_gmt":"2017-12-11T12:56:26","guid":{"rendered":"http:\/\/www.hospitaltocopilla.cl\/?p=2878"},"modified":"2017-12-11T12:57:08","modified_gmt":"2017-12-11T12:57:08","slug":"balance-positivo-operativo-oftalmologico-de-la-red-uc-crhistus-realizo-658-prestaciones-de-salud-durante-el-fin-de-semana","status":"publish","type":"post","link":"https:\/\/www.hospitaltocopilla.cl\/?p=2878","title":{"rendered":"Balance positivo: Operativo Oftalmol\u00f3gico de la Red UC Crhistus realiz\u00f3 658 prestaciones de salud durante el fin de semana"},"content":{"rendered":"<p>658 fue el total de atenciones oftalmol\u00f3gicas integrales en adultos y ni\u00f1os que se realizaron en el Hospital Marcos Macuada durante este fin de semana, las que incluyeron 358 atenciones de especialidad en policl\u00ednico, 185 ex\u00e1menes de fondo de ojo para pacientes diab\u00e9ticos, 58 cirug\u00edas (39 cataratas, 19 pterigion y 1 chalazion) y 57 controles post quir\u00fargicos.<\/p>\n<p><a href=\"http:\/\/www.hospitaltocopilla.cl\/?attachment_id=2879\" rel=\"attachment wp-att-2879\"><img loading=\"lazy\" decoding=\"async\" class=\"alignnone wp-image-2879\" src=\"http:\/\/www.hospitaltocopilla.cl\/wp-content\/uploads\/2017\/12\/IMG_1096.jpg\" alt=\"\" width=\"1206\" height=\"905\" srcset=\"https:\/\/www.hospitaltocopilla.cl\/wp-content\/uploads\/2017\/12\/IMG_1096.jpg 3264w, https:\/\/www.hospitaltocopilla.cl\/wp-content\/uploads\/2017\/12\/IMG_1096-300x225.jpg 300w, https:\/\/www.hospitaltocopilla.cl\/wp-content\/uploads\/2017\/12\/IMG_1096-768x576.jpg 768w, https:\/\/www.hospitaltocopilla.cl\/wp-content\/uploads\/2017\/12\/IMG_1096-1024x768.jpg 1024w, https:\/\/www.hospitaltocopilla.cl\/wp-content\/uploads\/2017\/12\/IMG_1096-660x495.jpg 660w\" sizes=\"auto, (max-width: 1206px) 100vw, 1206px\" \/><\/a><\/p>\n<p>658 fue el total de atenciones oftalmol\u00f3gicas integrales en adultos y ni\u00f1os que se realizaron en el Hospital Marcos Macuada durante este fin de semana, las que incluyeron 358 atenciones de especialidad en policl\u00ednico, 185 ex\u00e1menes de fondo de ojo para pacientes diab\u00e9ticos, 58 cirug\u00edas (39 cataratas, 19 pterigion y 1 chalazion) y 57 controles post quir\u00fargicos.<\/p>\n<p>Es importante destacar que esta iniciativa es llevada adelante por profesionales\u00a0 de la Red de Salud UC Christus, en conjunto con el Servicio de Salud de Antofagasta y el equipo de salud del Hospital Comunitario Marcos Macuada de Tocopilla.<\/p>\n<p>El Dr. Dennis Cort\u00e9s, secretario de la Sociedad Chilena de Oftalmolog\u00eda y l\u00edder de esta iniciativa, coment\u00f3 sentirse muy contento con los resultados, destacando el trabajo de todos los profesionales que participan en la iniciativa, pero especialmente al contingente de salud de la UC Christud, al personal del Hospital de Tocopilla por el apoyo durante la jornada, Dr. Aliro Bolado y Hugo Ben\u00edtez presidente y secretario, respectivamente del al Colegio M\u00e9dico de Antofagasta y a los m\u00e9dicos del Departamento de Oftalmolog\u00eda del Hospital Regional Leonardo Guzm\u00e1n que llegaron para apoyar en terreno.<\/p>\n<p><a href=\"http:\/\/www.hospitaltocopilla.cl\/?attachment_id=2880\" rel=\"attachment wp-att-2880\"><img loading=\"lazy\" decoding=\"async\" class=\"alignnone size-full wp-image-2880\" src=\"http:\/\/www.hospitaltocopilla.cl\/wp-content\/uploads\/2017\/12\/IMG_1091.jpg\" alt=\"\" width=\"3264\" height=\"2448\" srcset=\"https:\/\/www.hospitaltocopilla.cl\/wp-content\/uploads\/2017\/12\/IMG_1091.jpg 3264w, https:\/\/www.hospitaltocopilla.cl\/wp-content\/uploads\/2017\/12\/IMG_1091-300x225.jpg 300w, https:\/\/www.hospitaltocopilla.cl\/wp-content\/uploads\/2017\/12\/IMG_1091-768x576.jpg 768w, https:\/\/www.hospitaltocopilla.cl\/wp-content\/uploads\/2017\/12\/IMG_1091-1024x768.jpg 1024w, https:\/\/www.hospitaltocopilla.cl\/wp-content\/uploads\/2017\/12\/IMG_1091-660x495.jpg 660w\" sizes=\"auto, (max-width: 3264px) 100vw, 3264px\" \/><\/a><\/p>\n<p><a href=\"http:\/\/www.hospitaltocopilla.cl\/?attachment_id=2881\" rel=\"attachment wp-att-2881\"><img loading=\"lazy\" decoding=\"async\" class=\"alignnone size-full wp-image-2881\" src=\"http:\/\/www.hospitaltocopilla.cl\/wp-content\/uploads\/2017\/12\/IMG_1146.jpg\" alt=\"\" width=\"3264\" height=\"2448\" srcset=\"https:\/\/www.hospitaltocopilla.cl\/wp-content\/uploads\/2017\/12\/IMG_1146.jpg 3264w, https:\/\/www.hospitaltocopilla.cl\/wp-content\/uploads\/2017\/12\/IMG_1146-300x225.jpg 300w, https:\/\/www.hospitaltocopilla.cl\/wp-content\/uploads\/2017\/12\/IMG_1146-768x576.jpg 768w, https:\/\/www.hospitaltocopilla.cl\/wp-content\/uploads\/2017\/12\/IMG_1146-1024x768.jpg 1024w, https:\/\/www.hospitaltocopilla.cl\/wp-content\/uploads\/2017\/12\/IMG_1146-660x495.jpg 660w\" sizes=\"auto, (max-width: 3264px) 100vw, 3264px\" \/><\/a><\/p>\n<p>Zamir Nayar, Director del Servicio de Salud de Antofagasta, agradeci\u00f3 al Dr. Cort\u00e9s y al equipo de profesionales voluntarios en esta jornada de salud en el Hospital, reafirmando una vez m\u00e1s el compromiso con la comunidad de Tocopilla.<\/p>\n<p><strong>AUSENTISMO<\/strong><\/p>\n<p>Por su parte, Erica del Piano, manifest\u00f3 sentirse muy satisfecha con los resultados de este operativo, sin embargo, un hecho que parece preocupante fue el alto porcentaje de ausentismo por parte de los usuarios, ya que mucho de ellos, pese a ser contactados v\u00eda telef\u00f3nica, no llegaron el d\u00eda de la atenci\u00f3n. \u201cLos operativos se hacen para nuestros pacientes e implican tiempo y dedicaci\u00f3n, hay que evaluar listas de espera, contactar a los pacientes, coordinar ex\u00e1menes, buscar sus fichas, por lo que nos preocupa que cerca del 25% de lo previamente citado, que acept\u00f3 la hora, no haya llegado a su consulta. Este es un tema que lo plantearemos en la pr\u00f3xima reuni\u00f3n del Consejo de Usuarios\u201d inform\u00f3.<\/p>\n<p><strong>CASOS<\/strong><\/p>\n<p>Historias conmovedoras, llenas de esperanza se vivieron en este Operativo Oftalmol\u00f3gico 2017, como la de Juan Fierro, paciente de Mar\u00eda Elena que presentaba visi\u00f3n reducida y dificultad para trasladarse con independencia debido la presencia de catarata bilateral.<\/p>\n<p>Exitosamente, fue intervenido y los resultados post cirug\u00eda fueron impresionantes, devolvi\u00e9ndole a Don Juan su autonom\u00eda y llenando de satisfacci\u00f3n al equipo de salud.<\/p>\n<p>\u201cSiento como si tuviera una segunda opertunidad, me siento muy feliz\u201d comento el paciente.<\/p>\n<p>Es importante mencionar que las cataratas son la causa m\u00e1s com\u00fan de p\u00e9rdida de visi\u00f3n en personas mayores de 40 a\u00f1os y es la causa principal de ceguera en el mundo.<\/p>\n<p><a href=\"http:\/\/www.hospitaltocopilla.cl\/?attachment_id=2882\" rel=\"attachment wp-att-2882\"><img loading=\"lazy\" decoding=\"async\" class=\"alignnone size-full wp-image-2882\" src=\"http:\/\/www.hospitaltocopilla.cl\/wp-content\/uploads\/2017\/12\/IMG_1155.jpg\" alt=\"\" width=\"3264\" height=\"2448\" srcset=\"https:\/\/www.hospitaltocopilla.cl\/wp-content\/uploads\/2017\/12\/IMG_1155.jpg 3264w, https:\/\/www.hospitaltocopilla.cl\/wp-content\/uploads\/2017\/12\/IMG_1155-300x225.jpg 300w, https:\/\/www.hospitaltocopilla.cl\/wp-content\/uploads\/2017\/12\/IMG_1155-768x576.jpg 768w, https:\/\/www.hospitaltocopilla.cl\/wp-content\/uploads\/2017\/12\/IMG_1155-1024x768.jpg 1024w, https:\/\/www.hospitaltocopilla.cl\/wp-content\/uploads\/2017\/12\/IMG_1155-660x495.jpg 660w\" sizes=\"auto, (max-width: 3264px) 100vw, 3264px\" \/><\/a> <a href=\"http:\/\/www.hospitaltocopilla.cl\/?attachment_id=2883\" rel=\"attachment wp-att-2883\"><img loading=\"lazy\" decoding=\"async\" class=\"alignnone size-full wp-image-2883\" src=\"http:\/\/www.hospitaltocopilla.cl\/wp-content\/uploads\/2017\/12\/IMG_1159.jpg\" alt=\"\" width=\"3264\" height=\"2448\" srcset=\"https:\/\/www.hospitaltocopilla.cl\/wp-content\/uploads\/2017\/12\/IMG_1159.jpg 3264w, https:\/\/www.hospitaltocopilla.cl\/wp-content\/uploads\/2017\/12\/IMG_1159-300x225.jpg 300w, https:\/\/www.hospitaltocopilla.cl\/wp-content\/uploads\/2017\/12\/IMG_1159-768x576.jpg 768w, https:\/\/www.hospitaltocopilla.cl\/wp-content\/uploads\/2017\/12\/IMG_1159-1024x768.jpg 1024w, https:\/\/www.hospitaltocopilla.cl\/wp-content\/uploads\/2017\/12\/IMG_1159-660x495.jpg 660w\" sizes=\"auto, (max-width: 3264px) 100vw, 3264px\" \/><\/a><\/p>\n<p><strong>OPERATIVO<\/strong><\/p>\n<p>Este operativo nace del v\u00ednculo forjado por m\u00e9dicos ex generales de zona, quienes tras partir para iniciar su especializaci\u00f3n, decidieron mantener el contacto con el Hospital Marcos Macuada. Es as\u00ed como en 2014 organizaron el primer operativo multidisciplinario logrando realizar por primera vez cirug\u00edas de catarata en dicho establecimiento.\u00a0 Durante los a\u00f1os siguientes coordinaron nuevos operativos en conjunto con el Departamento de Oftalmolog\u00eda de Hospital Sotero del R\u00edo de Santiago.<\/p>\n<p>Desde el a\u00f1o pasado, el Departamento de Oftalmolog\u00eda UC apadrin\u00f3 al Hospital Marcos Macuada,\u00a0 comprometi\u00e9ndose a replicar cada a\u00f1o en forma regular este tipo de operativos.<\/p>\n<p><a href=\"http:\/\/www.hospitaltocopilla.cl\/?attachment_id=2884\" rel=\"attachment wp-att-2884\"><img loading=\"lazy\" decoding=\"async\" class=\"alignnone size-full wp-image-2884\" src=\"http:\/\/www.hospitaltocopilla.cl\/wp-content\/uploads\/2017\/12\/IMG_1183.jpg\" alt=\"\" width=\"3264\" height=\"2448\" srcset=\"https:\/\/www.hospitaltocopilla.cl\/wp-content\/uploads\/2017\/12\/IMG_1183.jpg 3264w, https:\/\/www.hospitaltocopilla.cl\/wp-content\/uploads\/2017\/12\/IMG_1183-300x225.jpg 300w, https:\/\/www.hospitaltocopilla.cl\/wp-content\/uploads\/2017\/12\/IMG_1183-768x576.jpg 768w, https:\/\/www.hospitaltocopilla.cl\/wp-content\/uploads\/2017\/12\/IMG_1183-1024x768.jpg 1024w, https:\/\/www.hospitaltocopilla.cl\/wp-content\/uploads\/2017\/12\/IMG_1183-660x495.jpg 660w\" sizes=\"auto, (max-width: 3264px) 100vw, 3264px\" \/><\/a><\/p>\n<p>&nbsp;<\/p>\n<p>&nbsp;<\/p>\n","protected":false},"excerpt":{"rendered":"<p>658 fue el total de atenciones oftalmol\u00f3gicas integrales en adultos y ni\u00f1os que se realizaron en el Hospital Marcos Macuada durante este fin de semana, las que incluyeron 358 atenciones de especialidad en policl\u00ednico, 185 ex\u00e1menes de fondo de ojo para pacientes diab\u00e9ticos, 58 cirug\u00edas (39 cataratas, 19 pterigion y 1 chalazion) y 57 controles [&hellip;]<\/p>\n","protected":false},"author":8,"featured_media":2884,"comment_status":"closed","ping_status":"closed","sticky":false,"template":"","format":"standard","meta":{"footnotes":""},"categories":[3],"tags":[],"class_list":["post-2878","post","type-post","status-publish","format-standard","has-post-thumbnail","hentry","category-noticias"],"_links":{"self":[{"href":"https:\/\/www.hospitaltocopilla.cl\/index.php?rest_route=\/wp\/v2\/posts\/2878","targetHints":{"allow":["GET"]}}],"collection":[{"href":"https:\/\/www.hospitaltocopilla.cl\/index.php?rest_route=\/wp\/v2\/posts"}],"about":[{"href":"https:\/\/www.hospitaltocopilla.cl\/index.php?rest_route=\/wp\/v2\/types\/post"}],"author":[{"embeddable":true,"href":"https:\/\/www.hospitaltocopilla.cl\/index.php?rest_route=\/wp\/v2\/users\/8"}],"replies":[{"embeddable":true,"href":"https:\/\/www.hospitaltocopilla.cl\/index.php?rest_route=%2Fwp%2Fv2%2Fcomments&post=2878"}],"version-history":[{"count":1,"href":"https:\/\/www.hospitaltocopilla.cl\/index.php?rest_route=\/wp\/v2\/posts\/2878\/revisions"}],"predecessor-version":[{"id":2885,"href":"https:\/\/www.hospitaltocopilla.cl\/index.php?rest_route=\/wp\/v2\/posts\/2878\/revisions\/2885"}],"wp:featuredmedia":[{"embeddable":true,"href":"https:\/\/www.hospitaltocopilla.cl\/index.php?rest_route=\/wp\/v2\/media\/2884"}],"wp:attachment":[{"href":"https:\/\/www.hospitaltocopilla.cl\/index.php?rest_route=%2Fwp%2Fv2%2Fmedia&parent=2878"}],"wp:term":[{"taxonomy":"category","embeddable":true,"href":"https:\/\/www.hospitaltocopilla.cl\/index.php?rest_route=%2Fwp%2Fv2%2Fcategories&post=2878"},{"taxonomy":"post_tag","embeddable":true,"href":"https:\/\/www.hospitaltocopilla.cl\/index.php?rest_route=%2Fwp%2Fv2%2Ftags&post=2878"}],"curies":[{"name":"wp","href":"https:\/\/api.w.org\/{rel}","templated":true}]}}