{"id":2842,"date":"2017-12-01T13:49:26","date_gmt":"2017-12-01T13:49:26","guid":{"rendered":"http:\/\/www.hospitaltocopilla.cl\/?p=2842"},"modified":"2017-12-01T13:53:52","modified_gmt":"2017-12-01T13:53:52","slug":"adultos-mayores-de-tocopilla-se-reunen-en-jornada-de-salud-con-profesionales-de-la-seremi-y-hospital-marcos-macuada-para-abordar-la-demencia","status":"publish","type":"post","link":"https:\/\/www.hospitaltocopilla.cl\/?p=2842","title":{"rendered":"Adultos mayores de Tocopilla se reunen en jornada de salud con profesionales de la Seremi y Hospital Marcos Macuada para abordar la demencia"},"content":{"rendered":"<p>En el marco del Plan Regional de Salud Publica 2017, la Seremi de Salud de la Regi\u00f3n de Antofagasta ofreci\u00f3 una jornada de salud para personas mayores, instancia que permiti\u00f3 a distintos profesionales del \u00e1rea, promover un envejecimiento positivo, dar a conocer la oferta program\u00e1tica para este segmento de la poblaci\u00f3n, educar a las personas mayores sobre los cambios fisiol\u00f3gicos que ocurren en el envejecimiento normal y c\u00f3mo afrontar con \u00e9xito esta nueva etapa.<\/p>\n<p><a href=\"http:\/\/www.hospitaltocopilla.cl\/?attachment_id=2843\" rel=\"attachment wp-att-2843\"><img loading=\"lazy\" decoding=\"async\" class=\"alignnone size-full wp-image-2843\" src=\"http:\/\/www.hospitaltocopilla.cl\/wp-content\/uploads\/2017\/12\/IMG_0807.jpg\" alt=\"\" width=\"1280\" height=\"720\" srcset=\"https:\/\/www.hospitaltocopilla.cl\/wp-content\/uploads\/2017\/12\/IMG_0807.jpg 1280w, https:\/\/www.hospitaltocopilla.cl\/wp-content\/uploads\/2017\/12\/IMG_0807-300x169.jpg 300w, https:\/\/www.hospitaltocopilla.cl\/wp-content\/uploads\/2017\/12\/IMG_0807-768x432.jpg 768w, https:\/\/www.hospitaltocopilla.cl\/wp-content\/uploads\/2017\/12\/IMG_0807-1024x576.jpg 1024w, https:\/\/www.hospitaltocopilla.cl\/wp-content\/uploads\/2017\/12\/IMG_0807-660x371.jpg 660w\" sizes=\"auto, (max-width: 1280px) 100vw, 1280px\" \/><\/a><\/p>\n<p>En el marco del Plan Regional de Salud Publica 2017, la Seremi de Salud de la Regi\u00f3n de Antofagasta ofreci\u00f3 una jornada de salud para personas mayores, instancia que permiti\u00f3 a distintos profesionales del \u00e1rea, promover un envejecimiento positivo, dar a conocer la oferta program\u00e1tica para este segmento de la poblaci\u00f3n, educar a las personas mayores sobre los cambios fisiol\u00f3gicos que ocurren en el envejecimiento normal y c\u00f3mo afrontar con \u00e9xito esta nueva etapa.<\/p>\n<p>A la actividad, que fue encabezada por el psic\u00f3logo Juan Francisco Astudillo, psic\u00f3logo Encargado del Programa Salud Mental del Adulto de la Seremi de Salud y apoyada por el equipo de salud del Hospital Marcos Macuada, llegaron representantes de los diversos clubes del adulto mayor de la comuna e instituciones vinculadas con la tem\u00e1tica.<\/p>\n<p>Entre los puntos m\u00e1s importantes, fue el abordaje del Plan Nacional de Demencias, presentado el 30 de octubre de este a\u00f1o por la Ministra Carmen Castillo, que plantea cuatro ejes centrales, como; la atenci\u00f3n socio-sanitaria para personas con demencia y su entorno en el nivel primario de salud; la atenci\u00f3n socio-sanitaria en el nivel de especialidad, a trav\u00e9s de las Unidades de Memoria en los hospitales de mediana y alta complejidad, en complemento con el Programa Centros de Apoyo Comunitario para personas con demencia; La sensibilizaci\u00f3n en la construcci\u00f3n social de las demencias y<\/p>\n<p>las intervenciones psicosociales con familiares y cuidadores.<\/p>\n<p>En ese contexto, Katya Herrera, referente de Promoci\u00f3n de Salud del Hospital Marcos Macuada, se\u00f1al\u00f3 que \u201clas demencias tienen efectos abrumadores en quienes las padecen, en sus entornos familiares y el de sus cuidadores. Se trata de problemas de salud con consecuencias, f\u00edsicas, emocionales y econ\u00f3micas, que pueden causar mucho estr\u00e9s y angustia\u201d, es por eso que a trav\u00e9s de este plan, se espera que las personas que viven con demencia puedan acceder oportunamente a cuidados para sobrellevar mejor la enfermedad.<\/p>\n<p><a href=\"http:\/\/www.hospitaltocopilla.cl\/?attachment_id=2845\" rel=\"attachment wp-att-2845\"><img loading=\"lazy\" decoding=\"async\" class=\"alignnone size-full wp-image-2845\" src=\"http:\/\/www.hospitaltocopilla.cl\/wp-content\/uploads\/2017\/12\/IMG_0792.jpg\" alt=\"\" width=\"1280\" height=\"960\" srcset=\"https:\/\/www.hospitaltocopilla.cl\/wp-content\/uploads\/2017\/12\/IMG_0792.jpg 1280w, https:\/\/www.hospitaltocopilla.cl\/wp-content\/uploads\/2017\/12\/IMG_0792-300x225.jpg 300w, https:\/\/www.hospitaltocopilla.cl\/wp-content\/uploads\/2017\/12\/IMG_0792-768x576.jpg 768w, https:\/\/www.hospitaltocopilla.cl\/wp-content\/uploads\/2017\/12\/IMG_0792-1024x768.jpg 1024w, https:\/\/www.hospitaltocopilla.cl\/wp-content\/uploads\/2017\/12\/IMG_0792-660x495.jpg 660w\" sizes=\"auto, (max-width: 1280px) 100vw, 1280px\" \/><\/a><\/p>\n","protected":false},"excerpt":{"rendered":"<p>En el marco del Plan Regional de Salud Publica 2017, la Seremi de Salud de la Regi\u00f3n de Antofagasta ofreci\u00f3 una jornada de salud para personas mayores, instancia que permiti\u00f3 a distintos profesionales del \u00e1rea, promover un envejecimiento positivo, dar a conocer la oferta program\u00e1tica para este segmento de la poblaci\u00f3n, educar a las personas [&hellip;]<\/p>\n","protected":false},"author":8,"featured_media":2843,"comment_status":"closed","ping_status":"closed","sticky":false,"template":"","format":"standard","meta":{"footnotes":""},"categories":[3],"tags":[],"class_list":["post-2842","post","type-post","status-publish","format-standard","has-post-thumbnail","hentry","category-noticias"],"_links":{"self":[{"href":"https:\/\/www.hospitaltocopilla.cl\/index.php?rest_route=\/wp\/v2\/posts\/2842","targetHints":{"allow":["GET"]}}],"collection":[{"href":"https:\/\/www.hospitaltocopilla.cl\/index.php?rest_route=\/wp\/v2\/posts"}],"about":[{"href":"https:\/\/www.hospitaltocopilla.cl\/index.php?rest_route=\/wp\/v2\/types\/post"}],"author":[{"embeddable":true,"href":"https:\/\/www.hospitaltocopilla.cl\/index.php?rest_route=\/wp\/v2\/users\/8"}],"replies":[{"embeddable":true,"href":"https:\/\/www.hospitaltocopilla.cl\/index.php?rest_route=%2Fwp%2Fv2%2Fcomments&post=2842"}],"version-history":[{"count":2,"href":"https:\/\/www.hospitaltocopilla.cl\/index.php?rest_route=\/wp\/v2\/posts\/2842\/revisions"}],"predecessor-version":[{"id":2846,"href":"https:\/\/www.hospitaltocopilla.cl\/index.php?rest_route=\/wp\/v2\/posts\/2842\/revisions\/2846"}],"wp:featuredmedia":[{"embeddable":true,"href":"https:\/\/www.hospitaltocopilla.cl\/index.php?rest_route=\/wp\/v2\/media\/2843"}],"wp:attachment":[{"href":"https:\/\/www.hospitaltocopilla.cl\/index.php?rest_route=%2Fwp%2Fv2%2Fmedia&parent=2842"}],"wp:term":[{"taxonomy":"category","embeddable":true,"href":"https:\/\/www.hospitaltocopilla.cl\/index.php?rest_route=%2Fwp%2Fv2%2Fcategories&post=2842"},{"taxonomy":"post_tag","embeddable":true,"href":"https:\/\/www.hospitaltocopilla.cl\/index.php?rest_route=%2Fwp%2Fv2%2Ftags&post=2842"}],"curies":[{"name":"wp","href":"https:\/\/api.w.org\/{rel}","templated":true}]}}