{"id":2787,"date":"2017-09-25T14:07:07","date_gmt":"2017-09-25T14:07:07","guid":{"rendered":"http:\/\/www.hospitaltocopilla.cl\/?p=2787"},"modified":"2017-09-25T14:07:07","modified_gmt":"2017-09-25T14:07:07","slug":"hospital-marcos-macuada-invita-a-la-comunidad-a-marchar-por-la-salud-de-las-mujeres-para-concientizar-sobre-el-cancer-de-mamas-y-utero","status":"publish","type":"post","link":"https:\/\/www.hospitaltocopilla.cl\/?p=2787","title":{"rendered":"Hospital Marcos Macuada invita a la comunidad a marchar por la salud de las mujeres para concientizar sobre el c\u00e1ncer de mamas y \u00fatero"},"content":{"rendered":"<p>Con motivo de las celebraciones en el marco de la Semana de la Lucha contra el C\u00e1ncer, el programa de salud de la mujer del Hospital Marcos Macuada convoca a participar a la Primera Marcha Pac\u00edfica por la Salud de las Mujeres, que se realizar\u00e1 el pr\u00f3ximo mi\u00e9rcoles 04 de octubre, partiendo a las 11:00 horas desde el frontis del centro asistencial, transitando por calle 21 de mayo hasta llegar al paseo peatonal de la Plaza Carlos Condell.<\/p>\n<p><a href=\"http:\/\/www.hospitaltocopilla.cl\/?attachment_id=2788\" rel=\"attachment wp-att-2788\"><img loading=\"lazy\" decoding=\"async\" class=\"alignnone size-full wp-image-2788\" src=\"http:\/\/www.hospitaltocopilla.cl\/wp-content\/uploads\/2017\/09\/Afichevertical.png\" alt=\"\" width=\"1920\" height=\"1080\" srcset=\"https:\/\/www.hospitaltocopilla.cl\/wp-content\/uploads\/2017\/09\/Afichevertical.png 1920w, https:\/\/www.hospitaltocopilla.cl\/wp-content\/uploads\/2017\/09\/Afichevertical-300x169.png 300w, https:\/\/www.hospitaltocopilla.cl\/wp-content\/uploads\/2017\/09\/Afichevertical-768x432.png 768w, https:\/\/www.hospitaltocopilla.cl\/wp-content\/uploads\/2017\/09\/Afichevertical-1024x576.png 1024w, https:\/\/www.hospitaltocopilla.cl\/wp-content\/uploads\/2017\/09\/Afichevertical-660x371.png 660w\" sizes=\"auto, (max-width: 1920px) 100vw, 1920px\" \/><\/a><\/p>\n<p>Con motivo de las celebraciones en el marco de la Semana de la Lucha contra el C\u00e1ncer, el programa de salud de la mujer del Hospital Marcos Macuada convoca a participar a la Primera Marcha Pac\u00edfica por la Salud de las Mujeres, que se realizar\u00e1 el pr\u00f3ximo mi\u00e9rcoles 04 de octubre, partiendo a las 11:00 horas desde el frontis del centro asistencial, transitando por calle 21 de mayo hasta llegar al paseo peatonal de la Plaza Carlos Condell.<\/p>\n<p>Este es primera marcha pac\u00edfica que el hospital organiza y se espera contar con el apoyo y participaci\u00f3n de distintas instituciones que apoyen esta iniciativa, que pretende socializar aspectos relevantes para la prevenci\u00f3n del c\u00e1ncer de mamas y cervicouterino, como lo es la realizaci\u00f3n del PAP y la mamograf\u00eda, ex\u00e1menes que son de vital importancia para la pesquisa oportuna de estas patolog\u00edas.<\/p>\n<p>\u201cEsperamos contar con una alta presencia de participantes, hombres, mujeres y ni\u00f1os que se sumen a esta causa y se comprometan con la prevenci\u00f3n\u201d coment\u00f3 Erica del Piano, directora del Hospital Marcos Macuada, invitando a la comunidad a marchar por la salud de las mujeres.<\/p>\n","protected":false},"excerpt":{"rendered":"<p>Con motivo de las celebraciones en el marco de la Semana de la Lucha contra el C\u00e1ncer, el programa de salud de la mujer del Hospital Marcos Macuada convoca a participar a la Primera Marcha Pac\u00edfica por la Salud de las Mujeres, que se realizar\u00e1 el pr\u00f3ximo mi\u00e9rcoles 04 de octubre, partiendo a las 11:00 [&hellip;]<\/p>\n","protected":false},"author":8,"featured_media":2788,"comment_status":"closed","ping_status":"closed","sticky":false,"template":"","format":"standard","meta":{"footnotes":""},"categories":[3],"tags":[],"class_list":["post-2787","post","type-post","status-publish","format-standard","has-post-thumbnail","hentry","category-noticias"],"_links":{"self":[{"href":"https:\/\/www.hospitaltocopilla.cl\/index.php?rest_route=\/wp\/v2\/posts\/2787","targetHints":{"allow":["GET"]}}],"collection":[{"href":"https:\/\/www.hospitaltocopilla.cl\/index.php?rest_route=\/wp\/v2\/posts"}],"about":[{"href":"https:\/\/www.hospitaltocopilla.cl\/index.php?rest_route=\/wp\/v2\/types\/post"}],"author":[{"embeddable":true,"href":"https:\/\/www.hospitaltocopilla.cl\/index.php?rest_route=\/wp\/v2\/users\/8"}],"replies":[{"embeddable":true,"href":"https:\/\/www.hospitaltocopilla.cl\/index.php?rest_route=%2Fwp%2Fv2%2Fcomments&post=2787"}],"version-history":[{"count":1,"href":"https:\/\/www.hospitaltocopilla.cl\/index.php?rest_route=\/wp\/v2\/posts\/2787\/revisions"}],"predecessor-version":[{"id":2789,"href":"https:\/\/www.hospitaltocopilla.cl\/index.php?rest_route=\/wp\/v2\/posts\/2787\/revisions\/2789"}],"wp:featuredmedia":[{"embeddable":true,"href":"https:\/\/www.hospitaltocopilla.cl\/index.php?rest_route=\/wp\/v2\/media\/2788"}],"wp:attachment":[{"href":"https:\/\/www.hospitaltocopilla.cl\/index.php?rest_route=%2Fwp%2Fv2%2Fmedia&parent=2787"}],"wp:term":[{"taxonomy":"category","embeddable":true,"href":"https:\/\/www.hospitaltocopilla.cl\/index.php?rest_route=%2Fwp%2Fv2%2Fcategories&post=2787"},{"taxonomy":"post_tag","embeddable":true,"href":"https:\/\/www.hospitaltocopilla.cl\/index.php?rest_route=%2Fwp%2Fv2%2Ftags&post=2787"}],"curies":[{"name":"wp","href":"https:\/\/api.w.org\/{rel}","templated":true}]}}