{"id":2733,"date":"2017-09-04T15:08:32","date_gmt":"2017-09-04T15:08:32","guid":{"rendered":"http:\/\/www.hospitaltocopilla.cl\/?p=2733"},"modified":"2017-09-04T15:08:32","modified_gmt":"2017-09-04T15:08:32","slug":"gineco-oncologo-realizara-charla-educativa-a-la-comunidad-sobre-vacuna-contra-el-virus-del-papiloma-humano","status":"publish","type":"post","link":"https:\/\/www.hospitaltocopilla.cl\/?p=2733","title":{"rendered":"Gineco oncologo realizar\u00e1 charla educativa a la comunidad sobre vacuna contra el Virus del papiloma Humano"},"content":{"rendered":"<p>Ma\u00f1ana a las 15:00 horas en el sal\u00f3n auditorio del Liceo Domingo Latrille, se realizar\u00e1 un Di\u00e1logo Ciudadano sobre la campa\u00f1a de vacunaci\u00f3n contra el Virus del Papiloma de Humano, a fin de que padres y apoderados resuelvan dudas y tomen conciencia sobre la importancia que tiene esta vacuna.<a href=\"http:\/\/www.hospitaltocopilla.cl\/?attachment_id=2718\" rel=\"attachment wp-att-2718\"><img loading=\"lazy\" decoding=\"async\" class=\"alignnone size-full wp-image-2718\" src=\"http:\/\/www.hospitaltocopilla.cl\/wp-content\/uploads\/2017\/08\/IMG_5430.jpg\" alt=\"\" width=\"1280\" height=\"960\" srcset=\"https:\/\/www.hospitaltocopilla.cl\/wp-content\/uploads\/2017\/08\/IMG_5430.jpg 1280w, https:\/\/www.hospitaltocopilla.cl\/wp-content\/uploads\/2017\/08\/IMG_5430-300x225.jpg 300w, https:\/\/www.hospitaltocopilla.cl\/wp-content\/uploads\/2017\/08\/IMG_5430-768x576.jpg 768w, https:\/\/www.hospitaltocopilla.cl\/wp-content\/uploads\/2017\/08\/IMG_5430-1024x768.jpg 1024w, https:\/\/www.hospitaltocopilla.cl\/wp-content\/uploads\/2017\/08\/IMG_5430-660x495.jpg 660w\" sizes=\"auto, (max-width: 1280px) 100vw, 1280px\" \/><\/a><\/p>\n<p>Ma\u00f1ana a las 15:00 horas en el sal\u00f3n auditorio del Liceo Domingo Latrille, se realizar\u00e1 un Di\u00e1logo Ciudadano sobre la campa\u00f1a de vacunaci\u00f3n contra el Virus del Papiloma de Humano, a fin de que padres y apoderados resuelvan dudas y tomen conciencia sobre la importancia que tiene esta vacuna.<\/p>\n<p>La actividad contar\u00e1 con la presencia del gineco-oncologo, Ernesto Hurel, quien a trav\u00e9s de una exposici\u00f3n y posterior di\u00e1logo, abordar\u00e1 las consultas de la comunidad educativa para dar respuesta a las distintas inquietudes en relacion al tema.<\/p>\n<p>Recordemos que como una forma de proteger a las ni\u00f1as contra el c\u00e1ncer c\u00e9rvico uterino, el MINSAL a trav\u00e9s de su Plan Nacional de Inmunizaciones, implement\u00f3 a partir del 2014, la vacunaci\u00f3n contra el VPH en las ni\u00f1as de 4\u00b0 b\u00e1sico (primera dosis) y 5\u00b0 b\u00e1sico (segunda dosis) de todos los establecimientos educacionales del pa\u00eds.<\/p>\n<p>\u201cEsta vacuna se debe administrar antes del inicio de la vida sexual activa, a edades tempranas, el sistema inmune responde mejor a la vacuna, por lo que la OMS ha recomendar a esta edad\u201d coment\u00f3 Rodrigo Rocha, referente de Promoci\u00f3n de salud del Hospital Marcos, invitando a que la comunidad que participe, se informe y consulte.<\/p>\n<p>&nbsp;<\/p>\n","protected":false},"excerpt":{"rendered":"<p>Ma\u00f1ana a las 15:00 horas en el sal\u00f3n auditorio del Liceo Domingo Latrille, se realizar\u00e1 un Di\u00e1logo Ciudadano sobre la campa\u00f1a de vacunaci\u00f3n contra el Virus del Papiloma de Humano, a fin de que padres y apoderados resuelvan dudas y tomen conciencia sobre la importancia que tiene esta vacuna. Ma\u00f1ana a las 15:00 horas en [&hellip;]<\/p>\n","protected":false},"author":8,"featured_media":2718,"comment_status":"closed","ping_status":"closed","sticky":false,"template":"","format":"standard","meta":{"footnotes":""},"categories":[3],"tags":[],"class_list":["post-2733","post","type-post","status-publish","format-standard","has-post-thumbnail","hentry","category-noticias"],"_links":{"self":[{"href":"https:\/\/www.hospitaltocopilla.cl\/index.php?rest_route=\/wp\/v2\/posts\/2733","targetHints":{"allow":["GET"]}}],"collection":[{"href":"https:\/\/www.hospitaltocopilla.cl\/index.php?rest_route=\/wp\/v2\/posts"}],"about":[{"href":"https:\/\/www.hospitaltocopilla.cl\/index.php?rest_route=\/wp\/v2\/types\/post"}],"author":[{"embeddable":true,"href":"https:\/\/www.hospitaltocopilla.cl\/index.php?rest_route=\/wp\/v2\/users\/8"}],"replies":[{"embeddable":true,"href":"https:\/\/www.hospitaltocopilla.cl\/index.php?rest_route=%2Fwp%2Fv2%2Fcomments&post=2733"}],"version-history":[{"count":1,"href":"https:\/\/www.hospitaltocopilla.cl\/index.php?rest_route=\/wp\/v2\/posts\/2733\/revisions"}],"predecessor-version":[{"id":2734,"href":"https:\/\/www.hospitaltocopilla.cl\/index.php?rest_route=\/wp\/v2\/posts\/2733\/revisions\/2734"}],"wp:featuredmedia":[{"embeddable":true,"href":"https:\/\/www.hospitaltocopilla.cl\/index.php?rest_route=\/wp\/v2\/media\/2718"}],"wp:attachment":[{"href":"https:\/\/www.hospitaltocopilla.cl\/index.php?rest_route=%2Fwp%2Fv2%2Fmedia&parent=2733"}],"wp:term":[{"taxonomy":"category","embeddable":true,"href":"https:\/\/www.hospitaltocopilla.cl\/index.php?rest_route=%2Fwp%2Fv2%2Fcategories&post=2733"},{"taxonomy":"post_tag","embeddable":true,"href":"https:\/\/www.hospitaltocopilla.cl\/index.php?rest_route=%2Fwp%2Fv2%2Ftags&post=2733"}],"curies":[{"name":"wp","href":"https:\/\/api.w.org\/{rel}","templated":true}]}}