{"id":2717,"date":"2017-08-23T15:49:48","date_gmt":"2017-08-23T15:49:48","guid":{"rendered":"http:\/\/www.hospitaltocopilla.cl\/?p=2717"},"modified":"2017-08-23T15:50:15","modified_gmt":"2017-08-23T15:50:15","slug":"hospital-marcos-macuada-inicia-campana-de-vacunacion-contra-el-papiloma-humano-en-establecimientos-educacionales-de-la-comuna","status":"publish","type":"post","link":"https:\/\/www.hospitaltocopilla.cl\/?p=2717","title":{"rendered":"Hospital Marcos Macuada inicia campa\u00f1a de vacunaci\u00f3n contra el papiloma humano en establecimientos educacionales de la comuna"},"content":{"rendered":"<p>Con el el fin de prevenir el c\u00e1ncer cervicouterino, la Directora del Hospital Marcos Macuada, Erica del Piano en compa\u00f1\u00eda de la Directora de la Escuela Bernardo O\u2019Higgins, Fresia Cortes, el equipo de salud de atenci\u00f3n primeria y la comunidad educativa, dieron inicio a la campa\u00f1a de vacunaci\u00f3n contra el Papiloma Humano \u201cJuntos por ellas\u201d, VPH, a\u00f1o 2017, iniciativa que pretende dar cobertura gratuita a alrededor de 400 ni\u00f1as que cursan cuarto y quinto b\u00e1sico.<\/p>\n<p><a href=\"http:\/\/www.hospitaltocopilla.cl\/?attachment_id=2718\" rel=\"attachment wp-att-2718\"><img loading=\"lazy\" decoding=\"async\" class=\"alignnone size-full wp-image-2718\" src=\"http:\/\/www.hospitaltocopilla.cl\/wp-content\/uploads\/2017\/08\/IMG_5430.jpg\" alt=\"\" width=\"1280\" height=\"960\" srcset=\"https:\/\/www.hospitaltocopilla.cl\/wp-content\/uploads\/2017\/08\/IMG_5430.jpg 1280w, https:\/\/www.hospitaltocopilla.cl\/wp-content\/uploads\/2017\/08\/IMG_5430-300x225.jpg 300w, https:\/\/www.hospitaltocopilla.cl\/wp-content\/uploads\/2017\/08\/IMG_5430-768x576.jpg 768w, https:\/\/www.hospitaltocopilla.cl\/wp-content\/uploads\/2017\/08\/IMG_5430-1024x768.jpg 1024w, https:\/\/www.hospitaltocopilla.cl\/wp-content\/uploads\/2017\/08\/IMG_5430-660x495.jpg 660w\" sizes=\"auto, (max-width: 1280px) 100vw, 1280px\" \/><\/a><\/p>\n<p>Con el el fin de prevenir el c\u00e1ncer cervicouterino, la Directora del Hospital Marcos Macuada, Erica del Piano en compa\u00f1\u00eda de la Directora de la Escuela Bernardo O\u2019Higgins, Fresia Cortes, el equipo de salud de atenci\u00f3n primeria y la comunidad educativa, dieron inicio a la campa\u00f1a de vacunaci\u00f3n contra el Papiloma Humano \u201cJuntos por ellas\u201d, VPH, a\u00f1o 2017, iniciativa que pretende dar cobertura gratuita a alrededor de 400 ni\u00f1as que cursan cuarto y quinto b\u00e1sico.<\/p>\n<p>La actividad tuvo lugar en la Escuela Bernardo O\u2019Higgins, establecimiento que fue elegido por su alta adherencia a la vacunaci\u00f3n contra el VPH a\u00f1o 2016, alcanzando una cobertura de m\u00e1s del 90%, demostrando de esta manera, su alto nivel de compromiso con la salud de las menores.<\/p>\n<p>\u201cLa vacuna contra el Papiloma Humano, tiene como principal objetivo prevenir la aparici\u00f3n del c\u00e1ncer c\u00e9rvico uterino, patolog\u00eda causante de la muerte de m\u00e1s de 30 mujeres al a\u00f1o en la regi\u00f3n de Antofagasta\u201d coment\u00f3 Erica del Piano, directora del centro asistencial.<\/p>\n<p>\u201cLas visitas a las escuelas se enmarcan dentro de un plan de prevenci\u00f3n y promoci\u00f3n de salud, el cual no solo genera y ofrece diversas prestaciones a nuestros grupos de inter\u00e9s, sino tambi\u00e9n, movilizar recurso humano capacitado para poder socializar procesos, generar conciencia preventiva, fomentar el autocuidado y realizar el respectivo acompa\u00f1amiento\u201d coment\u00f3 Rodrigo Rocha, referente de Promoci\u00f3n de Salud.<\/p>\n<p>Por su parte, Ivonia Arancibia, jefa de la Atenci\u00f3n Primaria del centro asistencial, aprovech\u00f3 la oportunidad para informar sobre el Calendario de Vacunaci\u00f3n Escolar, que contempla ni\u00f1os y ni\u00f1as de 1\u00b0 b\u00e1sico, como de 8\u00b0 b\u00e1sico, en donde se refuerza la protecci\u00f3n contra las siguientes enfermedades<\/p>\n<p>1\u00b0 a\u00f1o b\u00e1sico: Vacuna Tres V\u00edrica, que protege contra el Sarampi\u00f3n, Rubeola y Paperas.<\/p>\n<p>Vacuna dTp acelular, que protege contra la Tos Convulsiva, Difteria y T\u00e9tanos.<\/p>\n<p>8\u00b0 a\u00f1o b\u00e1sico: Vacuna dTp acelular que protege contra la Tos Convulsiva, Difteria y T\u00e9tanos.<\/p>\n<p>Finalmente, el equipo de salud de se trasladar\u00e1 a los distintos establecimiento, seg\u00fan calendario coordinado con la direcci\u00f3n de cada establecimiento educacional.<\/p>\n<p>&nbsp;<\/p>\n<p><a href=\"http:\/\/www.hospitaltocopilla.cl\/?attachment_id=2719\" rel=\"attachment wp-att-2719\"><img loading=\"lazy\" decoding=\"async\" class=\"alignnone size-full wp-image-2719\" src=\"http:\/\/www.hospitaltocopilla.cl\/wp-content\/uploads\/2017\/08\/IMG_5423.jpg\" alt=\"\" width=\"1280\" height=\"960\" srcset=\"https:\/\/www.hospitaltocopilla.cl\/wp-content\/uploads\/2017\/08\/IMG_5423.jpg 1280w, https:\/\/www.hospitaltocopilla.cl\/wp-content\/uploads\/2017\/08\/IMG_5423-300x225.jpg 300w, https:\/\/www.hospitaltocopilla.cl\/wp-content\/uploads\/2017\/08\/IMG_5423-768x576.jpg 768w, https:\/\/www.hospitaltocopilla.cl\/wp-content\/uploads\/2017\/08\/IMG_5423-1024x768.jpg 1024w, https:\/\/www.hospitaltocopilla.cl\/wp-content\/uploads\/2017\/08\/IMG_5423-660x495.jpg 660w\" sizes=\"auto, (max-width: 1280px) 100vw, 1280px\" \/><\/a> <a href=\"http:\/\/www.hospitaltocopilla.cl\/?attachment_id=2720\" rel=\"attachment wp-att-2720\"><img loading=\"lazy\" decoding=\"async\" class=\"alignnone size-full wp-image-2720\" src=\"http:\/\/www.hospitaltocopilla.cl\/wp-content\/uploads\/2017\/08\/IMG_5427.jpg\" alt=\"\" width=\"1280\" height=\"960\" srcset=\"https:\/\/www.hospitaltocopilla.cl\/wp-content\/uploads\/2017\/08\/IMG_5427.jpg 1280w, https:\/\/www.hospitaltocopilla.cl\/wp-content\/uploads\/2017\/08\/IMG_5427-300x225.jpg 300w, https:\/\/www.hospitaltocopilla.cl\/wp-content\/uploads\/2017\/08\/IMG_5427-768x576.jpg 768w, https:\/\/www.hospitaltocopilla.cl\/wp-content\/uploads\/2017\/08\/IMG_5427-1024x768.jpg 1024w, https:\/\/www.hospitaltocopilla.cl\/wp-content\/uploads\/2017\/08\/IMG_5427-660x495.jpg 660w\" sizes=\"auto, (max-width: 1280px) 100vw, 1280px\" \/><\/a> <a href=\"http:\/\/www.hospitaltocopilla.cl\/?attachment_id=2721\" rel=\"attachment wp-att-2721\"><img loading=\"lazy\" decoding=\"async\" class=\"alignnone size-full wp-image-2721\" src=\"http:\/\/www.hospitaltocopilla.cl\/wp-content\/uploads\/2017\/08\/IMG_5428.jpg\" alt=\"\" width=\"1280\" height=\"960\" srcset=\"https:\/\/www.hospitaltocopilla.cl\/wp-content\/uploads\/2017\/08\/IMG_5428.jpg 1280w, https:\/\/www.hospitaltocopilla.cl\/wp-content\/uploads\/2017\/08\/IMG_5428-300x225.jpg 300w, https:\/\/www.hospitaltocopilla.cl\/wp-content\/uploads\/2017\/08\/IMG_5428-768x576.jpg 768w, https:\/\/www.hospitaltocopilla.cl\/wp-content\/uploads\/2017\/08\/IMG_5428-1024x768.jpg 1024w, https:\/\/www.hospitaltocopilla.cl\/wp-content\/uploads\/2017\/08\/IMG_5428-660x495.jpg 660w\" sizes=\"auto, (max-width: 1280px) 100vw, 1280px\" \/><\/a> <a href=\"http:\/\/www.hospitaltocopilla.cl\/?attachment_id=2722\" rel=\"attachment wp-att-2722\"><img loading=\"lazy\" decoding=\"async\" class=\"alignnone size-full wp-image-2722\" src=\"http:\/\/www.hospitaltocopilla.cl\/wp-content\/uploads\/2017\/08\/IMG_5432.jpg\" alt=\"\" width=\"1280\" height=\"960\" srcset=\"https:\/\/www.hospitaltocopilla.cl\/wp-content\/uploads\/2017\/08\/IMG_5432.jpg 1280w, https:\/\/www.hospitaltocopilla.cl\/wp-content\/uploads\/2017\/08\/IMG_5432-300x225.jpg 300w, https:\/\/www.hospitaltocopilla.cl\/wp-content\/uploads\/2017\/08\/IMG_5432-768x576.jpg 768w, https:\/\/www.hospitaltocopilla.cl\/wp-content\/uploads\/2017\/08\/IMG_5432-1024x768.jpg 1024w, https:\/\/www.hospitaltocopilla.cl\/wp-content\/uploads\/2017\/08\/IMG_5432-660x495.jpg 660w\" sizes=\"auto, (max-width: 1280px) 100vw, 1280px\" \/><\/a><\/p>\n","protected":false},"excerpt":{"rendered":"<p>Con el el fin de prevenir el c\u00e1ncer cervicouterino, la Directora del Hospital Marcos Macuada, Erica del Piano en compa\u00f1\u00eda de la Directora de la Escuela Bernardo O\u2019Higgins, Fresia Cortes, el equipo de salud de atenci\u00f3n primeria y la comunidad educativa, dieron inicio a la campa\u00f1a de vacunaci\u00f3n contra el Papiloma Humano \u201cJuntos por ellas\u201d, [&hellip;]<\/p>\n","protected":false},"author":8,"featured_media":2718,"comment_status":"closed","ping_status":"closed","sticky":false,"template":"","format":"standard","meta":{"footnotes":""},"categories":[3],"tags":[],"class_list":["post-2717","post","type-post","status-publish","format-standard","has-post-thumbnail","hentry","category-noticias"],"_links":{"self":[{"href":"https:\/\/www.hospitaltocopilla.cl\/index.php?rest_route=\/wp\/v2\/posts\/2717","targetHints":{"allow":["GET"]}}],"collection":[{"href":"https:\/\/www.hospitaltocopilla.cl\/index.php?rest_route=\/wp\/v2\/posts"}],"about":[{"href":"https:\/\/www.hospitaltocopilla.cl\/index.php?rest_route=\/wp\/v2\/types\/post"}],"author":[{"embeddable":true,"href":"https:\/\/www.hospitaltocopilla.cl\/index.php?rest_route=\/wp\/v2\/users\/8"}],"replies":[{"embeddable":true,"href":"https:\/\/www.hospitaltocopilla.cl\/index.php?rest_route=%2Fwp%2Fv2%2Fcomments&post=2717"}],"version-history":[{"count":1,"href":"https:\/\/www.hospitaltocopilla.cl\/index.php?rest_route=\/wp\/v2\/posts\/2717\/revisions"}],"predecessor-version":[{"id":2723,"href":"https:\/\/www.hospitaltocopilla.cl\/index.php?rest_route=\/wp\/v2\/posts\/2717\/revisions\/2723"}],"wp:featuredmedia":[{"embeddable":true,"href":"https:\/\/www.hospitaltocopilla.cl\/index.php?rest_route=\/wp\/v2\/media\/2718"}],"wp:attachment":[{"href":"https:\/\/www.hospitaltocopilla.cl\/index.php?rest_route=%2Fwp%2Fv2%2Fmedia&parent=2717"}],"wp:term":[{"taxonomy":"category","embeddable":true,"href":"https:\/\/www.hospitaltocopilla.cl\/index.php?rest_route=%2Fwp%2Fv2%2Fcategories&post=2717"},{"taxonomy":"post_tag","embeddable":true,"href":"https:\/\/www.hospitaltocopilla.cl\/index.php?rest_route=%2Fwp%2Fv2%2Ftags&post=2717"}],"curies":[{"name":"wp","href":"https:\/\/api.w.org\/{rel}","templated":true}]}}