{"id":2687,"date":"2017-06-14T18:52:22","date_gmt":"2017-06-14T18:52:22","guid":{"rendered":"http:\/\/www.hospitaltocopilla.cl\/?p=2687"},"modified":"2017-06-15T16:40:11","modified_gmt":"2017-06-15T16:40:11","slug":"nuevos-profesionales-conforman-programa-de-salud-de-visitas-domiciliarias-para-pacientes-postrados-y-oncologicos","status":"publish","type":"post","link":"https:\/\/www.hospitaltocopilla.cl\/?p=2687","title":{"rendered":"Nuevos profesionales conforman programa de salud de visitas domiciliarias para pacientes postrados y oncol\u00f3gicos"},"content":{"rendered":"<p>A comienzos de junio comenz\u00f3 a funcionar con la totalidad de sus profesionales, el Programa de Atenci\u00f3n Domiciliaria Integral, PRADI, el cual est\u00e1 orientado a realizar acompa\u00f1amiento, educaci\u00f3n y cuidados a los pacientes de pertenecientes al programa Alivio del Dolor por c\u00e1ncer avanzado y Dependencia Severa.<\/p>\n<p><a href=\"http:\/\/www.hospitaltocopilla.cl\/?attachment_id=2688\" rel=\"attachment wp-att-2688\"><img loading=\"lazy\" decoding=\"async\" class=\"alignnone size-full wp-image-2688\" src=\"http:\/\/www.hospitaltocopilla.cl\/wp-content\/uploads\/2017\/06\/IMG_1433.jpg\" alt=\"\" width=\"3264\" height=\"2448\" srcset=\"https:\/\/www.hospitaltocopilla.cl\/wp-content\/uploads\/2017\/06\/IMG_1433.jpg 3264w, https:\/\/www.hospitaltocopilla.cl\/wp-content\/uploads\/2017\/06\/IMG_1433-300x225.jpg 300w, https:\/\/www.hospitaltocopilla.cl\/wp-content\/uploads\/2017\/06\/IMG_1433-768x576.jpg 768w, https:\/\/www.hospitaltocopilla.cl\/wp-content\/uploads\/2017\/06\/IMG_1433-1024x768.jpg 1024w, https:\/\/www.hospitaltocopilla.cl\/wp-content\/uploads\/2017\/06\/IMG_1433-660x495.jpg 660w\" sizes=\"auto, (max-width: 3264px) 100vw, 3264px\" \/><\/a><\/p>\n<p>A comienzos de junio comenz\u00f3 a funcionar con la totalidad de sus profesionales, el Programa de Atenci\u00f3n Domiciliaria Integral, PRADI, el cual est\u00e1 orientado a realizar acompa\u00f1amiento, educaci\u00f3n y cuidados a los pacientes de pertenecientes al programa Alivio del Dolor por c\u00e1ncer avanzado y Dependencia Severa.<\/p>\n<p>En total, son cerca de 110 pacientes pertenecientes a los programas mencionados, que se ver\u00e1n beneficiados con la conformaci\u00f3n de este nuevo equipo multiprofesional, que incluye un terapeuta ocupacional, un kinesi\u00f3logo, un enfermero, una asistente social, un TENS quienes evaluaran en terreno el estado de salud y necesidades del paciente.<\/p>\n<p>Es importante mencionar que \u201ceste programa est\u00e1 dirigido a todas aquellas personas que sufran alg\u00fan grado de dependencia severa: F\u00edsica, Ps\u00edquica o Multideficit, seg\u00fan \u00cdndice de Barthel, con Cancer en etapa IV y sus familias y\/o cuidadores, entregando acciones de salud integrales, cercanas y con \u00e9nfasis en la persona, sus redes de apoyo y entorno; considerando aspectos curativos, preventivos y promocionales con enfoque familiar y de satisfacci\u00f3n usuaria, para mejorar as\u00ed, su calidad de vida\u201d. Explic\u00f3 Jonathan Meza, coordinador del equipo<\/p>\n","protected":false},"excerpt":{"rendered":"<p>A comienzos de junio comenz\u00f3 a funcionar con la totalidad de sus profesionales, el Programa de Atenci\u00f3n Domiciliaria Integral, PRADI, el cual est\u00e1 orientado a realizar acompa\u00f1amiento, educaci\u00f3n y cuidados a los pacientes de pertenecientes al programa Alivio del Dolor por c\u00e1ncer avanzado y Dependencia Severa. A comienzos de junio comenz\u00f3 a funcionar con la [&hellip;]<\/p>\n","protected":false},"author":8,"featured_media":2688,"comment_status":"closed","ping_status":"closed","sticky":false,"template":"","format":"standard","meta":{"footnotes":""},"categories":[1,3],"tags":[],"class_list":["post-2687","post","type-post","status-publish","format-standard","has-post-thumbnail","hentry","category-general","category-noticias"],"_links":{"self":[{"href":"https:\/\/www.hospitaltocopilla.cl\/index.php?rest_route=\/wp\/v2\/posts\/2687","targetHints":{"allow":["GET"]}}],"collection":[{"href":"https:\/\/www.hospitaltocopilla.cl\/index.php?rest_route=\/wp\/v2\/posts"}],"about":[{"href":"https:\/\/www.hospitaltocopilla.cl\/index.php?rest_route=\/wp\/v2\/types\/post"}],"author":[{"embeddable":true,"href":"https:\/\/www.hospitaltocopilla.cl\/index.php?rest_route=\/wp\/v2\/users\/8"}],"replies":[{"embeddable":true,"href":"https:\/\/www.hospitaltocopilla.cl\/index.php?rest_route=%2Fwp%2Fv2%2Fcomments&post=2687"}],"version-history":[{"count":3,"href":"https:\/\/www.hospitaltocopilla.cl\/index.php?rest_route=\/wp\/v2\/posts\/2687\/revisions"}],"predecessor-version":[{"id":2695,"href":"https:\/\/www.hospitaltocopilla.cl\/index.php?rest_route=\/wp\/v2\/posts\/2687\/revisions\/2695"}],"wp:featuredmedia":[{"embeddable":true,"href":"https:\/\/www.hospitaltocopilla.cl\/index.php?rest_route=\/wp\/v2\/media\/2688"}],"wp:attachment":[{"href":"https:\/\/www.hospitaltocopilla.cl\/index.php?rest_route=%2Fwp%2Fv2%2Fmedia&parent=2687"}],"wp:term":[{"taxonomy":"category","embeddable":true,"href":"https:\/\/www.hospitaltocopilla.cl\/index.php?rest_route=%2Fwp%2Fv2%2Fcategories&post=2687"},{"taxonomy":"post_tag","embeddable":true,"href":"https:\/\/www.hospitaltocopilla.cl\/index.php?rest_route=%2Fwp%2Fv2%2Ftags&post=2687"}],"curies":[{"name":"wp","href":"https:\/\/api.w.org\/{rel}","templated":true}]}}