{"id":2559,"date":"2017-03-17T12:36:59","date_gmt":"2017-03-17T12:36:59","guid":{"rendered":"http:\/\/www.hospitaltocopilla.cl\/?p=2559"},"modified":"2017-03-17T20:16:03","modified_gmt":"2017-03-17T20:16:03","slug":"hospital-comunitario-marcos-macuada-da-inicio-a-su-campana-de-vacunacion-contra-la-influenza-2017","status":"publish","type":"post","link":"https:\/\/www.hospitaltocopilla.cl\/?p=2559","title":{"rendered":"Hospital Comunitario Marcos Macuada da inicio a su Campa\u00f1a de Vacunaci\u00f3n contra la Influenza 2017"},"content":{"rendered":"<p>Con el slogan \u201cVacunate por ti, Vacunate x ellos y ellas\u201d este lunes, Hospital Marcos Macuada dio inicio a su Campa\u00f1a de Vacunaci\u00f3n contra la influenza a\u00f1o 2017, la que ira en beneficio de 8.292 personas de la comuna de Tocopilla y que se extender\u00e1 hasta el 12 de mayo.<\/p>\n<p><a href=\"http:\/\/www.hospitaltocopilla.cl\/?attachment_id=2560\" rel=\"attachment wp-att-2560\"><img loading=\"lazy\" decoding=\"async\" class=\"alignnone size-full wp-image-2560\" src=\"http:\/\/www.hospitaltocopilla.cl\/wp-content\/uploads\/2017\/03\/Campa\u00f1a-vacunaci\u00f3n.jpg\" alt=\"Campa\u00f1a vacunaci\u00f3n\" width=\"1136\" height=\"852\" srcset=\"https:\/\/www.hospitaltocopilla.cl\/wp-content\/uploads\/2017\/03\/Campa\u00f1a-vacunaci\u00f3n.jpg 1136w, https:\/\/www.hospitaltocopilla.cl\/wp-content\/uploads\/2017\/03\/Campa\u00f1a-vacunaci\u00f3n-300x225.jpg 300w, https:\/\/www.hospitaltocopilla.cl\/wp-content\/uploads\/2017\/03\/Campa\u00f1a-vacunaci\u00f3n-768x576.jpg 768w, https:\/\/www.hospitaltocopilla.cl\/wp-content\/uploads\/2017\/03\/Campa\u00f1a-vacunaci\u00f3n-1024x768.jpg 1024w, https:\/\/www.hospitaltocopilla.cl\/wp-content\/uploads\/2017\/03\/Campa\u00f1a-vacunaci\u00f3n-660x495.jpg 660w\" sizes=\"auto, (max-width: 1136px) 100vw, 1136px\" \/><\/a><\/p>\n<p>Con el slogan \u201cVacunate por ti, Vacunate x ellos y ellas\u201d este lunes, Hospital Marcos Macuada dio inicio a su Campa\u00f1a de Vacunaci\u00f3n contra la influenza a\u00f1o 2017, la que ira en beneficio de 8.292 personas de la comuna de Tocopilla y que se extender\u00e1 hasta el 12 de mayo.<\/p>\n<p>En esta primera instancia, fueron vacunados alrededor del 95% de los funcionarios hospitalarios para una vez terminado este proceso, comenzar la vacunaci\u00f3n externa de la poblaci\u00f3n objetivo que considera a los ni\u00f1os de 6 meses a 5 a\u00f1os 11 meses 29 d\u00edas, los adultos mayores de 65 a\u00f1os, las embarazadas que tengan m\u00e1s de 13 semanas de gestaci\u00f3n y los pacientes cr\u00f3nicos.<\/p>\n<p>\u201cEs importante que la gente cumpla con protegerse, ya que la influenza puede llegar a ser mortal para los grupos m\u00e1s vulnerables\u201d coment\u00f3 la enfermera Ivonia Arancibia, encargada del programa de Vacunaci\u00f3n. Asimismo, la profesional enfatiz\u00f3 que el llamado es que las personas pertenecientes a los grupos objetivos, se acerquen al hospital a partir de este lunes de 8:30 a 12:30 y de 14:00 a 16:30 horas para solicitar su vacuna.<\/p>\n<p>Durante esta campa\u00f1a, se implementar\u00e1n charlas educativas para adultos mayores, que es uno de los grupos m\u00e1s resistentes a la vacunaci\u00f3n debido a los mitos que existen en torno a esta. Asimismo, se articular\u00e1n reuniones con grupos de bailes religiosos para prevenir los riegos de contraer influenza durante la Fiesta de Tirana.<\/p>\n<p>Durante este a\u00f1o, las estartegias es a utilizar<\/p>\n<p><strong>ESTRATEG\u00cdA<\/strong><\/p>\n<p>Este a\u00f1o, dentro de las estrategias utilizadas para asegurar la vacunaci\u00f3n se exigir\u00e1 que esta est\u00e9 administrada la hora de la entrega de los productos del PNAC o PACAM y retiro medicamentos del programa de cr\u00f3nicos.<\/p>\n<p><strong>POBLACI\u00d3N OBJETIVO:<\/strong><strong>\u00a0<\/strong><\/p>\n<p>&#8211;\u00a0\u00a0\u00a0\u00a0\u00a0\u00a0\u00a0 Ni\u00f1os de 6 meses a 5 a\u00f1os 11 meses 29 d\u00edas.<\/p>\n<p>&#8211;\u00a0\u00a0\u00a0\u00a0\u00a0\u00a0\u00a0 Mayores de 65 a\u00f1os.<\/p>\n<p>&#8211;\u00a0\u00a0\u00a0\u00a0\u00a0\u00a0\u00a0 Enfermos cr\u00f3nicos.<\/p>\n<p>&#8211;\u00a0\u00a0\u00a0\u00a0\u00a0\u00a0\u00a0 Embarazadas, a partir de la semana 13 de gestaci\u00f3n.<\/p>\n<p>&#8211;\u00a0\u00a0\u00a0\u00a0\u00a0\u00a0\u00a0 Personal de salud.<\/p>\n","protected":false},"excerpt":{"rendered":"<p>Con el slogan \u201cVacunate por ti, Vacunate x ellos y ellas\u201d este lunes, Hospital Marcos Macuada dio inicio a su Campa\u00f1a de Vacunaci\u00f3n contra la influenza a\u00f1o 2017, la que ira en beneficio de 8.292 personas de la comuna de Tocopilla y que se extender\u00e1 hasta el 12 de mayo. Con el slogan \u201cVacunate por [&hellip;]<\/p>\n","protected":false},"author":8,"featured_media":2561,"comment_status":"closed","ping_status":"closed","sticky":false,"template":"","format":"standard","meta":{"footnotes":""},"categories":[3],"tags":[],"class_list":["post-2559","post","type-post","status-publish","format-standard","has-post-thumbnail","hentry","category-noticias"],"_links":{"self":[{"href":"https:\/\/www.hospitaltocopilla.cl\/index.php?rest_route=\/wp\/v2\/posts\/2559","targetHints":{"allow":["GET"]}}],"collection":[{"href":"https:\/\/www.hospitaltocopilla.cl\/index.php?rest_route=\/wp\/v2\/posts"}],"about":[{"href":"https:\/\/www.hospitaltocopilla.cl\/index.php?rest_route=\/wp\/v2\/types\/post"}],"author":[{"embeddable":true,"href":"https:\/\/www.hospitaltocopilla.cl\/index.php?rest_route=\/wp\/v2\/users\/8"}],"replies":[{"embeddable":true,"href":"https:\/\/www.hospitaltocopilla.cl\/index.php?rest_route=%2Fwp%2Fv2%2Fcomments&post=2559"}],"version-history":[{"count":2,"href":"https:\/\/www.hospitaltocopilla.cl\/index.php?rest_route=\/wp\/v2\/posts\/2559\/revisions"}],"predecessor-version":[{"id":2564,"href":"https:\/\/www.hospitaltocopilla.cl\/index.php?rest_route=\/wp\/v2\/posts\/2559\/revisions\/2564"}],"wp:featuredmedia":[{"embeddable":true,"href":"https:\/\/www.hospitaltocopilla.cl\/index.php?rest_route=\/wp\/v2\/media\/2561"}],"wp:attachment":[{"href":"https:\/\/www.hospitaltocopilla.cl\/index.php?rest_route=%2Fwp%2Fv2%2Fmedia&parent=2559"}],"wp:term":[{"taxonomy":"category","embeddable":true,"href":"https:\/\/www.hospitaltocopilla.cl\/index.php?rest_route=%2Fwp%2Fv2%2Fcategories&post=2559"},{"taxonomy":"post_tag","embeddable":true,"href":"https:\/\/www.hospitaltocopilla.cl\/index.php?rest_route=%2Fwp%2Fv2%2Ftags&post=2559"}],"curies":[{"name":"wp","href":"https:\/\/api.w.org\/{rel}","templated":true}]}}