{"id":2372,"date":"2016-10-25T14:57:26","date_gmt":"2016-10-25T14:57:26","guid":{"rendered":"http:\/\/www.hospitaltocopilla.cl\/?p=2372"},"modified":"2016-11-30T14:22:46","modified_gmt":"2016-11-30T14:22:46","slug":"director-nayar-realiza-charla-educativa-sobre-modelo-red-asistencial","status":"publish","type":"post","link":"https:\/\/www.hospitaltocopilla.cl\/?p=2372","title":{"rendered":"DIRECTOR NAYAR REALIZA CHARLA EDUCATIVA SOBRE MODELO RED ASISTENCIAL"},"content":{"rendered":"<p><strong>Dirigido a los alumnos de la Escuela de Salud Comunitaria<\/strong><a href=\"http:\/\/www.hospitaltocopilla.cl\/wp-content\/uploads\/2016\/10\/14812880_10211139145938770_162358565_o.jpg\"><img loading=\"lazy\" decoding=\"async\" class=\"alignnone size-full wp-image-2374\" src=\"http:\/\/www.hospitaltocopilla.cl\/wp-content\/uploads\/2016\/10\/14812880_10211139145938770_162358565_o.jpg\" alt=\"14812880_10211139145938770_162358565_o\" width=\"1136\" height=\"852\" \/><\/a><\/p>\n<p>&nbsp;<\/p>\n<p>Con el fin de educar a los estudiantes del curso de Promotor de Salud Comunitaria que est\u00e1 dictando el Hospital Marcos Macuada, el Director del Servicio de salud de Antofagasta, Zamir Nayar, particip\u00f3 de la jornada educativa, exponiendo sobre el redise\u00f1o de la red asistencial, proceso desarrollado por la subdirecci\u00f3n m\u00e9dica del SSA, que permiti\u00f3 definir \u00e1reas prioritarias de desarrollo del modelo de salud p\u00fablico de la regi\u00f3n para los pr\u00f3ximos 10 a\u00f1os.<\/p>\n<p>Es importante mencionar, que la Escuela de Salud Comunitaria, iniciativa piloto que ha desarrollado el Hospital de Tocopilla, con el fin de forma l\u00edderes comunitarios que permitan realizar educaci\u00f3n, promoci\u00f3n y prevenci\u00f3n al interior de las comunidades, comenz\u00f3 en agosto de este a\u00f1o y contempla la realizaci\u00f3n de 65 clases, donde a los participantes se les dar\u00e1 conocer la org\u00e1nica del hospital, la cartera de servicios, los programas de salud ,maniobras b\u00e1sicas de RCP, manejo b\u00e1sico de heridas, toma de signos vitales y gesti\u00f3n del riesgo en emergencias y desastres.<\/p>\n<p>Por su parte Zamir Nayar, valor\u00f3 la iniciativa del centro asistencial y a cada uno de los participantes de la Escuela de Salud Comunitaria, por la voluntad y motivaci\u00f3n que ha demostrado al formarse en materias que son relevantes para el incentivo del autocuidado con \u00e9nfasis en participaci\u00f3n ciudadana. Asimismo, respecto a la clase de Redise\u00f1o de la red Asistencial, expres\u00f3 \u201cnecesitamos que nuestros usuarios conozcan la red. Estamos construyendo nuevos dispositivos e incorporando m\u00e1s profesionales y por lo mismo es relevante que la comunidad conozca lo que estamos haciendo en bien de su beneficio\u201d<\/p>\n<p>Las clases de la Escuela de Salud comunitaria se realizan dos veces por semana, con una proyecci\u00f3n hasta mayo del 2017, donde se finalizar\u00e1 con una certificaci\u00f3n como Promotor de Salud, realizada por el Servicio de Salud de Antofagasta y el Hospital Marcos Macuada.<\/p>\n<p>&nbsp;<\/p>\n","protected":false},"excerpt":{"rendered":"<p>Dirigido a los alumnos de la Escuela de Salud Comunitaria &nbsp; Con el fin de educar a los estudiantes del curso de Promotor de Salud Comunitaria que est\u00e1 dictando el Hospital Marcos Macuada, el Director del Servicio de salud de Antofagasta, Zamir Nayar, particip\u00f3 de la jornada educativa, exponiendo sobre el redise\u00f1o de la red [&hellip;]<\/p>\n","protected":false},"author":8,"featured_media":2450,"comment_status":"closed","ping_status":"closed","sticky":false,"template":"","format":"image","meta":{"footnotes":""},"categories":[3],"tags":[],"class_list":["post-2372","post","type-post","status-publish","format-image","has-post-thumbnail","hentry","category-noticias","post_format-post-format-image"],"_links":{"self":[{"href":"https:\/\/www.hospitaltocopilla.cl\/index.php?rest_route=\/wp\/v2\/posts\/2372","targetHints":{"allow":["GET"]}}],"collection":[{"href":"https:\/\/www.hospitaltocopilla.cl\/index.php?rest_route=\/wp\/v2\/posts"}],"about":[{"href":"https:\/\/www.hospitaltocopilla.cl\/index.php?rest_route=\/wp\/v2\/types\/post"}],"author":[{"embeddable":true,"href":"https:\/\/www.hospitaltocopilla.cl\/index.php?rest_route=\/wp\/v2\/users\/8"}],"replies":[{"embeddable":true,"href":"https:\/\/www.hospitaltocopilla.cl\/index.php?rest_route=%2Fwp%2Fv2%2Fcomments&post=2372"}],"version-history":[{"count":1,"href":"https:\/\/www.hospitaltocopilla.cl\/index.php?rest_route=\/wp\/v2\/posts\/2372\/revisions"}],"predecessor-version":[{"id":2375,"href":"https:\/\/www.hospitaltocopilla.cl\/index.php?rest_route=\/wp\/v2\/posts\/2372\/revisions\/2375"}],"wp:featuredmedia":[{"embeddable":true,"href":"https:\/\/www.hospitaltocopilla.cl\/index.php?rest_route=\/wp\/v2\/media\/2450"}],"wp:attachment":[{"href":"https:\/\/www.hospitaltocopilla.cl\/index.php?rest_route=%2Fwp%2Fv2%2Fmedia&parent=2372"}],"wp:term":[{"taxonomy":"category","embeddable":true,"href":"https:\/\/www.hospitaltocopilla.cl\/index.php?rest_route=%2Fwp%2Fv2%2Fcategories&post=2372"},{"taxonomy":"post_tag","embeddable":true,"href":"https:\/\/www.hospitaltocopilla.cl\/index.php?rest_route=%2Fwp%2Fv2%2Ftags&post=2372"}],"curies":[{"name":"wp","href":"https:\/\/api.w.org\/{rel}","templated":true}]}}