{"id":2363,"date":"2016-09-01T15:49:06","date_gmt":"2016-09-01T15:49:06","guid":{"rendered":"http:\/\/www.hospitaltocopilla.cl\/?p=2363"},"modified":"2016-11-30T13:49:21","modified_gmt":"2016-11-30T13:49:21","slug":"hospital-realiza-feria-del-corazon-y-la-lactancia","status":"publish","type":"post","link":"https:\/\/www.hospitaltocopilla.cl\/?p=2363","title":{"rendered":"HOSPITAL REALIZA FERIA DEL CORAZ\u00d3N Y LA LACTANCIA"},"content":{"rendered":"<p><strong>En Plaza Carlos Condell<\/strong><a href=\"http:\/\/www.hospitaltocopilla.cl\/wp-content\/uploads\/2016\/09\/IMG_1314.jpg\"><img loading=\"lazy\" decoding=\"async\" class=\"alignnone wp-image-2364 size-large\" src=\"http:\/\/www.hospitaltocopilla.cl\/wp-content\/uploads\/2016\/09\/IMG_1314-1024x768.jpg\" alt=\"IMG_1314\" width=\"1024\" height=\"768\" \/><\/a><\/p>\n<p>En el marco del mes del coraz\u00f3n y la lactancia materna, Hospital Marcos Macuada realiz\u00f3 una nueva feria de salud que cont\u00f3 con la participaci\u00f3n de los profesionales del Programa Cardiovascular y el Comit\u00e9 de Lactancia Materna, para promover algunas pr\u00e1cticas que propicien estilos de vida saludable.<\/p>\n<p>La actividad parti\u00f3 a cerca de las 11:30 horas en el paseo 21 de mayo, frente a la Plaza Carlos Condell e incluy\u00f3 una gran degustaci\u00f3n de preparaciones de saludables, la toma de ex\u00e1menes preventivos de salud, educaci\u00f3n para la lactancia exitosa y diversas premiaciones de concursos impulsados durante el mes de agosto por el hospital.<\/p>\n<p>\u201cEstamos muy contentos de llevar a cabo esta feria de salud, que implica un gran esfuerzo y organizaci\u00f3n por parte del equipo cl\u00ednico y log\u00edstico\u201d, coment\u00f3 Erica del Piano, asimismo explic\u00f3 que \u201cuno de los desaf\u00edos como centro asistencial es generar espacios de participaci\u00f3n que nos permitan difundir h\u00e1bitos saludables entre la comunidad y concientizar sobre la importancia del autocuidado.<\/p>\n<p><strong>CARDIOVASCULAR<\/strong><\/p>\n<p>En la oportunidad, se realizaron cerca de 35 ex\u00e1menes preventivos de salud, que permitieron pesquisar de manera oportuna casos con patolog\u00edas cardiovasculares no controladas, como hipertensi\u00f3n, dislipidemia o diabetes.<\/p>\n<p><a href=\"http:\/\/www.hospitaltocopilla.cl\/wp-content\/uploads\/2016\/09\/IMG_1318.jpg\"><img loading=\"lazy\" decoding=\"async\" class=\"alignnone size-full wp-image-2365\" src=\"http:\/\/www.hospitaltocopilla.cl\/wp-content\/uploads\/2016\/09\/IMG_1318.jpg\" alt=\"IMG_1318\" width=\"3264\" height=\"2448\" \/><\/a><\/p>\n<p>As\u00ed tambi\u00e9n, se distingui\u00f3 a Lorena Vargas y Am\u00e9rica Castro, \u201cdos pacientes que ingresaron al Programa Cardiovascular y han presentado una excelente adhesi\u00f3n al tratamiento, permiti\u00e9ndoles alcanzar niveles normales en sus ex\u00e1menes bioqu\u00edmicos y notables bajas de peso, solo con la toma adecuada de sus f\u00e1rmacos, alimentaci\u00f3n saludable y actividad f\u00edsica\u201d, explic\u00f3 Rosaura Maya, encargada del Programa Cardiovascular.<strong>\u00a0<\/strong><\/p>\n<p><a href=\"http:\/\/www.hospitaltocopilla.cl\/wp-content\/uploads\/2016\/09\/IMG_1338.jpg\"><img loading=\"lazy\" decoding=\"async\" class=\"alignnone wp-image-2366 size-large\" src=\"http:\/\/www.hospitaltocopilla.cl\/wp-content\/uploads\/2016\/09\/IMG_1338-1024x768.jpg\" alt=\"IMG_1338\" width=\"1024\" height=\"768\" \/><\/a><\/p>\n<p><strong>\u201cMI SUPER RECETA\u201d<\/strong><strong>\u00a0<\/strong><\/p>\n<p>\u201cFantas\u00eda de Mote y Nueces\u201d fue el plato\u00a0 ganador del concurso \u201cMi s\u00faper receta\u201d, iniciativa impulsada por el programa cardiovascular que busc\u00f3 promover la incorporaci\u00f3n de superalimentos, en las dietas y preparaciones cotidianas de la comunidad. Por su parte Dixson Villalobos, ganador del concurso, agradeci\u00f3 la oportunidad de \u201cpoder desmitificar la idea que comer sano, incorporando ingredientes de alta calidad nutricional, es comer malo o aburrido\u201d. Muy por el contrario, este chef profesional que con imaginaci\u00f3n y ganas pudo crear un plato rico y saludable.<\/p>\n<p><a href=\"http:\/\/www.hospitaltocopilla.cl\/wp-content\/uploads\/2016\/09\/IMG_1353.jpg\"><img loading=\"lazy\" decoding=\"async\" class=\"alignnone size-full wp-image-2367\" src=\"http:\/\/www.hospitaltocopilla.cl\/wp-content\/uploads\/2016\/09\/IMG_1353.jpg\" alt=\"IMG_1353\" width=\"3264\" height=\"2448\" srcset=\"https:\/\/www.hospitaltocopilla.cl\/wp-content\/uploads\/2016\/09\/IMG_1353.jpg 3264w, https:\/\/www.hospitaltocopilla.cl\/wp-content\/uploads\/2016\/09\/IMG_1353-300x225.jpg 300w, https:\/\/www.hospitaltocopilla.cl\/wp-content\/uploads\/2016\/09\/IMG_1353-1024x768.jpg 1024w, https:\/\/www.hospitaltocopilla.cl\/wp-content\/uploads\/2016\/09\/IMG_1353-400x300.jpg 400w\" sizes=\"auto, (max-width: 3264px) 100vw, 3264px\" \/><\/a><\/p>\n<p><strong>LACTANCIA MATERNA<\/strong><\/p>\n<p>Finalmente, la actividad concluy\u00f3 con la distinci\u00f3n de tres beb\u00e9s, cuyas madres optaron por la lactancia materna como \u00fanica forma de alimentaci\u00f3n. Es el caso de\u00a0 Christopher Bijman y Briseida Alballay, quienes obtuvieron el premio al M\u00e1s Mam\u00f3n por haber sido alimentado hasta los dos a\u00f1os con leche materna de manera complementaria y Crist\u00f3bal Salinas lactante de 6 meses que solo se alimenta con leche de su madre, siguiendo as\u00ed las recomendaciones de la Organizaci\u00f3n Mundial de la Salud y el MINSAL.<\/p>\n<p><a href=\"http:\/\/www.hospitaltocopilla.cl\/wp-content\/uploads\/2016\/09\/IMG_1393.jpg\"><img loading=\"lazy\" decoding=\"async\" class=\"alignnone size-full wp-image-2368\" src=\"http:\/\/www.hospitaltocopilla.cl\/wp-content\/uploads\/2016\/09\/IMG_1393.jpg\" alt=\"IMG_1393\" width=\"3264\" height=\"2448\" srcset=\"https:\/\/www.hospitaltocopilla.cl\/wp-content\/uploads\/2016\/09\/IMG_1393.jpg 3264w, https:\/\/www.hospitaltocopilla.cl\/wp-content\/uploads\/2016\/09\/IMG_1393-300x225.jpg 300w, https:\/\/www.hospitaltocopilla.cl\/wp-content\/uploads\/2016\/09\/IMG_1393-1024x768.jpg 1024w, https:\/\/www.hospitaltocopilla.cl\/wp-content\/uploads\/2016\/09\/IMG_1393-400x300.jpg 400w\" sizes=\"auto, (max-width: 3264px) 100vw, 3264px\" \/><\/a><\/p>\n<p>&nbsp;<\/p>\n<p>&nbsp;<\/p>\n<p>&nbsp;<\/p>\n<p>&nbsp;<\/p>\n<p>&nbsp;<\/p>\n","protected":false},"excerpt":{"rendered":"<p>En Plaza Carlos Condell En el marco del mes del coraz\u00f3n y la lactancia materna, Hospital Marcos Macuada realiz\u00f3 una nueva feria de salud que cont\u00f3 con la participaci\u00f3n de los profesionales del Programa Cardiovascular y el Comit\u00e9 de Lactancia Materna, para promover algunas pr\u00e1cticas que propicien estilos de vida saludable. La actividad parti\u00f3 a [&hellip;]<\/p>\n","protected":false},"author":8,"featured_media":2440,"comment_status":"closed","ping_status":"closed","sticky":false,"template":"","format":"image","meta":{"footnotes":""},"categories":[3],"tags":[],"class_list":["post-2363","post","type-post","status-publish","format-image","has-post-thumbnail","hentry","category-noticias","post_format-post-format-image"],"_links":{"self":[{"href":"https:\/\/www.hospitaltocopilla.cl\/index.php?rest_route=\/wp\/v2\/posts\/2363","targetHints":{"allow":["GET"]}}],"collection":[{"href":"https:\/\/www.hospitaltocopilla.cl\/index.php?rest_route=\/wp\/v2\/posts"}],"about":[{"href":"https:\/\/www.hospitaltocopilla.cl\/index.php?rest_route=\/wp\/v2\/types\/post"}],"author":[{"embeddable":true,"href":"https:\/\/www.hospitaltocopilla.cl\/index.php?rest_route=\/wp\/v2\/users\/8"}],"replies":[{"embeddable":true,"href":"https:\/\/www.hospitaltocopilla.cl\/index.php?rest_route=%2Fwp%2Fv2%2Fcomments&post=2363"}],"version-history":[{"count":4,"href":"https:\/\/www.hospitaltocopilla.cl\/index.php?rest_route=\/wp\/v2\/posts\/2363\/revisions"}],"predecessor-version":[{"id":2439,"href":"https:\/\/www.hospitaltocopilla.cl\/index.php?rest_route=\/wp\/v2\/posts\/2363\/revisions\/2439"}],"wp:featuredmedia":[{"embeddable":true,"href":"https:\/\/www.hospitaltocopilla.cl\/index.php?rest_route=\/wp\/v2\/media\/2440"}],"wp:attachment":[{"href":"https:\/\/www.hospitaltocopilla.cl\/index.php?rest_route=%2Fwp%2Fv2%2Fmedia&parent=2363"}],"wp:term":[{"taxonomy":"category","embeddable":true,"href":"https:\/\/www.hospitaltocopilla.cl\/index.php?rest_route=%2Fwp%2Fv2%2Fcategories&post=2363"},{"taxonomy":"post_tag","embeddable":true,"href":"https:\/\/www.hospitaltocopilla.cl\/index.php?rest_route=%2Fwp%2Fv2%2Ftags&post=2363"}],"curies":[{"name":"wp","href":"https:\/\/api.w.org\/{rel}","templated":true}]}}